{"id":6747,"date":"2012-06-12T07:49:58","date_gmt":"2012-06-12T05:49:58","guid":{"rendered":"http:\/\/www.trivigante.it\/public\/tregenda\/?p=6747"},"modified":"2025-12-05T16:49:52","modified_gmt":"2025-12-05T15:49:52","slug":"tex-willer-bordon-e-lunica-alternativa-possibile","status":"publish","type":"post","link":"https:\/\/www.trivigante.it\/public\/tregenda\/2012\/06\/tex-willer-bordon-e-lunica-alternativa-possibile\/","title":{"rendered":"tex willer bordon e l&#8217;unica alternativa possibile"},"content":{"rendered":"<div class=\"wp-block-image\">\n<figure class=\"aligncenter\"><img loading=\"lazy\" decoding=\"async\" width=\"198\" height=\"287\" src=\"http:\/\/www.trivigante.it\/public\/tregenda\/wp-content\/uploads\/2012\/06\/Willer_bordon_X_legislatura.jpg\" alt=\"\" class=\"wp-image-6748\" title=\"Willer_bordon_X_legislatura\"\/><\/figure>\n<\/div>\n\n\n<p>Leggo oggi che <span style=\"color: #800000;\">Willer Bordon<\/span> s&#8217;\u00e8 pigliato una sbandata per il movimento di Grillo, che definisce &#8220;<em>l\u2019unica scelta alternativa<\/em>&#8220;, quindi molla tutto e scappa con i movimentisti. Il che sarebbe anche legittimo, il problema \u00e8 che ci tiene a farcelo sapere. Potrebbe essere amore? Difficile dirlo, i movimenti del cuore son cosa complessa e insondabile e Susanna Tamaro non mi risponde al telefono per cui non ho la risposta.<\/p>\n\n\n\n<p>E&#8217; comunque infatuazione certa, e Bordon &#8211; che io ricordo per una splendida doppietta da Ministro e per la parte in &#8220;<em>Mario, Maria e Mario<\/em>&#8221; di Scola, imperdibile &#8211; dar\u00e0 grandi soddisfazioni al movimento, gi\u00e0 onusto di menti brillanti.<br>\nIl fatto \u00e8 che \u00e8 stufo, stufo de &#8220;<em>la pi\u00f9 incredibile gerontocrazia nel mondo<\/em>&#8220;, sostiene il ricambio con parole posate (&#8220;<em>Una volta citavamo la Cina quando parlavamo di politici eterni, ultrasettantenni, ormai in Cina i dirigenti hanno 50\/60 anni, c\u2019\u00e8 gi\u00e0 il ricambio per il prossimo gruppo dirigente<\/em>&#8220;) e mentre lo dice sottende che lui di anni ne ha sessantatre. Lo si faccia dirigere, presto.<\/p>\n\n\n\n<p>Perch\u00e9 Willer l&#8217;esperienza ce l&#8217;ha: giovane sindaco del PCI s&#8217;invent\u00f2 la bella pensata della doppia tessera, una del <span style=\"color: #800000;\">PCI<\/span> e una dei <span style=\"color: #800000;\">radicali<\/span>, per far capire che era del partito, s\u00ec, ma non organico, bens\u00ec una testa pensante e libera. Per tamponare la cosa della doppia tessera s&#8217;inventarono che avesse s\u00ec chiesto la tessera radicale ma non gli fosse mai arrivata, liquidando la cosa come intemperanza di una giovane testa calda.<br>\nE invece no, erano solo i prodromi di una brillante carriera all&#8217;insegna dell&#8217;oscillazione: eletto alla Camera nel 1987 per il <span style=\"color: #800000;\">PCI<\/span> conflu\u00ec poi diligentemente nel <span style=\"color: #800000;\">PDS<\/span>, sempre attendendo la benedetta tessera radicale persa nei meandri delle poste, per poi scappare con Adornato (un altro buono) nell&#8217;<span style=\"color: #800000;\">Alleanza Democratica<\/span> di Mario Segni, anno 1993. L&#8217;Alleanza non fu un gran successo e Willer ci mise poco a capirlo: <em>fuitina<\/em> immediata con l&#8217;<span style=\"color: #800000;\">Unione Democratica<\/span> di Antonio Maccanico, altro movimento carneade di quegli anni bui. Questo per\u00f2 bast\u00f2 per farne un sottosegretario ai Beni Culturali durante il Prodi I, Ministro dei Lavori Pubblici durante il D&#8217;Alema II e Ministro dell&#8217;Ambiente e della Tutela del Territorio durante l&#8217;Amato II.<br>\nMa la novit\u00e0 era in arrivo e lui fu lesto: 1998, la fondazione di <span style=\"color: #800000;\">Italia dei Valori<\/span>. E fu passione anche l\u00ec. Passione intensa ma breve: l&#8217;anno dopo era gi\u00e0 con i <span style=\"color: #800000;\">Democratici<\/span> di Prodi, quelli dell&#8217;asinello se qualcuno li ricorda, e poi con loro nella <span style=\"color: #800000;\">Margherita<\/span>. E&#8217; che in quegli anni in molti faticavano a trovare un cantuccio, in effetti, e toccava girare ogni monastero disponibile per trovar pace. La scelta non fu peregrina e fu eletto al Senato nel 2001, con rielezione cinque anni dopo.<br>\nQuando per\u00f2 la <span style=\"color: #800000;\">Margherita<\/span> conflu\u00ec nel <span style=\"color: #800000;\">PD<\/span> conflu\u00ec anche lui ma ci ripens\u00f2 in breve, deconfluendo poco dopo nella sua nuova creatura, l&#8217;<span style=\"color: #800000;\">Unione Democratica<\/span>, poi diventata <span style=\"color: #800000;\">Unione Democratica per i Consumatori<\/span>: una splendida creatura capace di conquistare lo 0,25% dell&#8217;elettorato attivo. In Italia non c&#8217;\u00e8 gusto a essere intelligenti. Infatti, gli piacevano i <span style=\"color: #800000;\">liberaldemocratici di Lamberto Dini<\/span>, al tempo.<br>\nNel 2008, il giorno del suo compleanno, si dimise dal Senato, ovvero il gesto &#8220;<em>di chi sente il dovere di difendere le istituzioni dalla deriva di sfiducia che investe la politica<\/em>&#8220;. E allora la deriva di sfiducia era niente rispetto a oggi. Pi\u00f9 che altro, gli era che nell&#8217;estate del 2007 fu agganciato dai berlusconiani per far cadere Prodi e lui si fece beccare al telefono con Sacc\u00e0 mentre impetrava la prosecuzione di <em>&#8220;Incantesimo&#8221;<\/em> e nuovi lavori per la moglie, imperitura interprete della miniserie RAI &#8220;<em>Cuccioli<\/em>&#8220;. Ma tanto Mastella era gi\u00e0 pronto. E Willer spiegava che &#8220;<em>la coerenza deve essere nei contenuti<\/em>&#8220;, mica importa dove uno si trova mentre \u00e8 coerente nei contenuti.<\/p>\n\n\n\n<p>Niente di strano, dunque, se oggi Willer aggancia i grillini, perch\u00e9 vuole essere coerente anche l\u00ec. Fossi nei grillini &#8211; dei quali penso tutto il male possibile, per inciso &#8211; comincerei a preoccuparmi: quando si manifesta l&#8217;effetto-calamita delle particelle della politica, probabilmente \u00e8 gi\u00e0 troppo tardi. Auguri.<\/p>\n","protected":false},"excerpt":{"rendered":"<p>Leggo oggi che Willer Bordon s&#8217;\u00e8 pigliato una sbandata per il movimento di Grillo, che definisce &#8220;l\u2019unica scelta alternativa&#8220;, quindi molla tutto e scappa con i movimentisti. Il che sarebbe anche legittimo, il problema \u00e8 che ci tiene a farcelo sapere. Potrebbe essere amore? Difficile dirlo, i movimenti del cuore son cosa complessa e insondabile [&hellip;]<\/p>\n","protected":false},"author":1,"featured_media":0,"comment_status":"open","ping_status":"closed","sticky":false,"template":"","format":"standard","meta":{"footnotes":""},"categories":[1,10],"tags":[],"class_list":["post-6747","post","type-post","status-publish","format-standard","hentry","category-nulla","category-politicona"],"_links":{"self":[{"href":"https:\/\/www.trivigante.it\/public\/tregenda\/wp-json\/wp\/v2\/posts\/6747","targetHints":{"allow":["GET"]}}],"collection":[{"href":"https:\/\/www.trivigante.it\/public\/tregenda\/wp-json\/wp\/v2\/posts"}],"about":[{"href":"https:\/\/www.trivigante.it\/public\/tregenda\/wp-json\/wp\/v2\/types\/post"}],"author":[{"embeddable":true,"href":"https:\/\/www.trivigante.it\/public\/tregenda\/wp-json\/wp\/v2\/users\/1"}],"replies":[{"embeddable":true,"href":"https:\/\/www.trivigante.it\/public\/tregenda\/wp-json\/wp\/v2\/comments?post=6747"}],"version-history":[{"count":1,"href":"https:\/\/www.trivigante.it\/public\/tregenda\/wp-json\/wp\/v2\/posts\/6747\/revisions"}],"predecessor-version":[{"id":7905,"href":"https:\/\/www.trivigante.it\/public\/tregenda\/wp-json\/wp\/v2\/posts\/6747\/revisions\/7905"}],"wp:attachment":[{"href":"https:\/\/www.trivigante.it\/public\/tregenda\/wp-json\/wp\/v2\/media?parent=6747"}],"wp:term":[{"taxonomy":"category","embeddable":true,"href":"https:\/\/www.trivigante.it\/public\/tregenda\/wp-json\/wp\/v2\/categories?post=6747"},{"taxonomy":"post_tag","embeddable":true,"href":"https:\/\/www.trivigante.it\/public\/tregenda\/wp-json\/wp\/v2\/tags?post=6747"}],"curies":[{"name":"wp","href":"https:\/\/api.w.org\/{rel}","templated":true}]}}