{"id":4032,"date":"2010-02-21T16:28:55","date_gmt":"2010-02-21T15:28:55","guid":{"rendered":"http:\/\/www.trivigante.it\/public\/tregenda\/?p=4032"},"modified":"2025-12-08T15:09:57","modified_gmt":"2025-12-08T14:09:57","slug":"prima-amici-e-poi-nemici-del-popolo-battilocchio","status":"publish","type":"post","link":"https:\/\/www.trivigante.it\/public\/tregenda\/2010\/02\/prima-amici-e-poi-nemici-del-popolo-battilocchio\/","title":{"rendered":"prima amici e poi nemici del popolo: Battilocchio."},"content":{"rendered":"<div class=\"wp-block-image\">\n<figure class=\"aligncenter\"><a href=\"http:\/\/www.trivigante.it\/public\/tregenda\/wp-content\/uploads\/2010\/02\/2151952.jpg\"><img loading=\"lazy\" decoding=\"async\" width=\"320\" height=\"240\" src=\"http:\/\/www.trivigante.it\/public\/tregenda\/wp-content\/uploads\/2010\/02\/2151952.jpg\" alt=\"\" class=\"wp-image-4033\" title=\"2151952\" srcset=\"https:\/\/www.trivigante.it\/public\/tregenda\/wp-content\/uploads\/2010\/02\/2151952.jpg 320w, https:\/\/www.trivigante.it\/public\/tregenda\/wp-content\/uploads\/2010\/02\/2151952-200x150.jpg 200w\" sizes=\"auto, (max-width: 320px) 100vw, 320px\" \/><\/a><\/figure>\n<\/div>\n\n<div class=\"wp-block-image\">\n<figure class=\"aligncenter\"><a href=\"http:\/\/www.trivigante.it\/public\/tregenda\/wp-content\/uploads\/2010\/02\/sl_centro.jpg\"><img loading=\"lazy\" decoding=\"async\" width=\"500\" height=\"250\" src=\"http:\/\/www.trivigante.it\/public\/tregenda\/wp-content\/uploads\/2010\/02\/sl_centro.jpg\" alt=\"\" class=\"wp-image-4034\" title=\"sl_centro\" srcset=\"https:\/\/www.trivigante.it\/public\/tregenda\/wp-content\/uploads\/2010\/02\/sl_centro.jpg 500w, https:\/\/www.trivigante.it\/public\/tregenda\/wp-content\/uploads\/2010\/02\/sl_centro-200x100.jpg 200w\" sizes=\"auto, (max-width: 500px) 100vw, 500px\" \/><\/a><\/figure>\n<\/div>\n\n\n<p>E qui si va a trattar di nemici di Trivigante: <span style=\"color: #800000;\">Alessandro Battilocchio<\/span>.<br>\nVi chiedo di fare attenzione agli spostamenti, che il tizio \u00e8 peggio della marea.<br>\nAndiamo a iniziare: il soggetto in questione si d\u00e0 alla politica prestissimo e diventa diciottenne <span style=\"color: #800000;\">Assessore alla Cultura con il centro-sinistra<\/span> del comune di <span style=\"color: #800000;\">Tolfa<\/span>. Quattro anni dopo diventa <span style=\"color: #800000;\">sindaco di Tolfa<\/span>, sempre con lo stesso partito. Perch\u00e9 lui \u00e8 <span style=\"color: #800000;\">socialista<\/span>. Infatti fa carriera nel partito e viene eletto <span style=\"color: #800000;\">al Parlamento Europeo<\/span> nel 2004 per i <span style=\"color: #800000;\">Socialisti Uniti per l&#8217;Europa<\/span>. Due anni dopo il culmine della sua carriera, diventa <span style=\"color: #800000;\">vice-segretario nazionale del Nuovo Partito Socialista Italiano<\/span>. A destra una bella immagine di quel bel periodo. Che bei ricordi, e cosa vuol dire che era un partito-molecola? Malpensanti. Ah, importante: questi sono<span style=\"color: #800000;\"> i socialisti di De Michelis<\/span>, lo vorrei sottolineare. De  Michelis.<br>\nPoi comincia un po&#8217; di maretta: <span style=\"color: #800000;\">molla i socialisti<\/span> e per ricandidarsi al <span style=\"color: #800000;\">Parlamento  Europeo<\/span> si aggancia a <span style=\"color: #800000;\">Sinistra e Libert\u00e0<\/span>, nelle ultime elezioni. Pi\u00f9 a sinistra, dunque. Con <span style=\"color: #800000;\">Vendola<\/span>, mica con Cirippimerlo. A destra una bella immagine di quel periodo, 2009, bei ricordi. Memorabile la sua campagna elettorale con lo slogan <em><span style=\"color: #800000;\">&#8220;Batti l&#8217;occhio&#8221;<\/span><\/em>. Per\u00f2 lo trombano, collettivamente con tutta la sinistra, brutti ricordi.<br>\nMa lui mica si perde d&#8217;animo, risalta in carrozza nel suo feudo, <span style=\"color: #800000;\">Tolfa<\/span>, sempre vicino Roma, e diventa <span style=\"color: #800000;\">sindaco<\/span> ancora. Ma siccome Tolfa non \u00e8 esattamente comunista e i tempi son cambiati, lui si mette a capo di <span style=\"color: #800000;\">una maggioranza di centro-destra<\/span>. Opl\u00e0. Capitombolo triplo<span style=\"color: #800000;\"> da SL al PDL<\/span> al volo. Mica si perde in chiacchiere, il signore.<br>\nPer\u00f2 Tolfa gli va stretta, e si capisce, per uno che \u00e8 stato vice-segretario  nazionale di una molecola. E decide di candidarsi alle prossime regionali nel Lazio. E con chi si candida, il social-zapaterista neo-destroide? Con la <span style=\"color: #800000;\">Polverini (PDL)<\/span>, mi pare ovvio. Non \u00e8 mica tempo di tornare indietro, pi\u00f9 avanti si vedr\u00e0. Dice per\u00f2 di s\u00e9: <span style=\"color: #800000;\"><em>&#8220;Sono e rimango socialista&#8221;<\/em><\/span>. Io sono e rimango confuso. Eppure \u00e8 scritto <a href=\"http:\/\/www.battilocchio.com\/\" target=\"_blank\">qui<\/a>. Per meglio spiegare il concetto che sta dietro la propria traiettoria politica, piazza l\u00ec una frase di Sepulveda (scrittore decisamente sopravvalutato): <span style=\"color: #800000;\"><em>&#8220;Vola solo chi osa farlo&#8221;<\/em><\/span>. Va bene, ma te mica voli, osi e basta. Apprezzabile? Non direi, non in s\u00e9.<br>\nNel 2008 &#8211; dice lui &#8211; \u00e8 stato nominato dall&#8217;Unicef <em>&#8220;Difensore dei diritti dell&#8217;Infanzia&#8221;<\/em> grazie al suo impegno internazionale al fianco dei <span style=\"color: #800000;\">minori<\/span>.<br>\nOcchio, amici <span style=\"color: #800000;\">minori<\/span>, occhio: che appena le cose peggiorano, questo vi molla e si mette con gli anziani o con i platani, a seconda.<br>\nQuesta \u00e8 gente brutta e l&#8217;occhio batte dove il dente duole.<\/p>\n","protected":false},"excerpt":{"rendered":"<p>E qui si va a trattar di nemici di Trivigante: Alessandro Battilocchio. Vi chiedo di fare attenzione agli spostamenti, che il tizio \u00e8 peggio della marea. Andiamo a iniziare: il soggetto in questione si d\u00e0 alla politica prestissimo e diventa diciottenne Assessore alla Cultura con il centro-sinistra del comune di Tolfa. Quattro anni dopo diventa [&hellip;]<\/p>\n","protected":false},"author":1,"featured_media":0,"comment_status":"open","ping_status":"open","sticky":false,"template":"","format":"standard","meta":{"footnotes":""},"categories":[6],"tags":[],"class_list":["post-4032","post","type-post","status-publish","format-standard","hentry","category-nemici"],"_links":{"self":[{"href":"https:\/\/www.trivigante.it\/public\/tregenda\/wp-json\/wp\/v2\/posts\/4032","targetHints":{"allow":["GET"]}}],"collection":[{"href":"https:\/\/www.trivigante.it\/public\/tregenda\/wp-json\/wp\/v2\/posts"}],"about":[{"href":"https:\/\/www.trivigante.it\/public\/tregenda\/wp-json\/wp\/v2\/types\/post"}],"author":[{"embeddable":true,"href":"https:\/\/www.trivigante.it\/public\/tregenda\/wp-json\/wp\/v2\/users\/1"}],"replies":[{"embeddable":true,"href":"https:\/\/www.trivigante.it\/public\/tregenda\/wp-json\/wp\/v2\/comments?post=4032"}],"version-history":[{"count":1,"href":"https:\/\/www.trivigante.it\/public\/tregenda\/wp-json\/wp\/v2\/posts\/4032\/revisions"}],"predecessor-version":[{"id":8051,"href":"https:\/\/www.trivigante.it\/public\/tregenda\/wp-json\/wp\/v2\/posts\/4032\/revisions\/8051"}],"wp:attachment":[{"href":"https:\/\/www.trivigante.it\/public\/tregenda\/wp-json\/wp\/v2\/media?parent=4032"}],"wp:term":[{"taxonomy":"category","embeddable":true,"href":"https:\/\/www.trivigante.it\/public\/tregenda\/wp-json\/wp\/v2\/categories?post=4032"},{"taxonomy":"post_tag","embeddable":true,"href":"https:\/\/www.trivigante.it\/public\/tregenda\/wp-json\/wp\/v2\/tags?post=4032"}],"curies":[{"name":"wp","href":"https:\/\/api.w.org\/{rel}","templated":true}]}}