{"id":2885,"date":"2009-08-11T08:02:12","date_gmt":"2009-08-11T06:02:12","guid":{"rendered":"http:\/\/www.trivigante.it\/public\/tregenda\/?p=2885"},"modified":"2009-08-10T15:28:16","modified_gmt":"2009-08-10T13:28:16","slug":"22-marzo-1944-i-tedeschi-lasciano-roma","status":"publish","type":"post","link":"https:\/\/www.trivigante.it\/public\/tregenda\/2009\/08\/22-marzo-1944-i-tedeschi-lasciano-roma\/","title":{"rendered":"22 marzo 1944: un&#8217;altra perla di Pio XII"},"content":{"rendered":"<p>Il 22 marzo 1944, su <em>Il Messaggero<\/em>, allora gestito dai fascisti, usc\u00ec una strana nota, sensazionale, nella quale si preannunciava <span style=\"color: #800000;\">il prossimo ritiro dei tedeschi da Roma<\/span>: l&#8217;articolo era basato, pare, su un&#8217;indiscrezione dell&#8217;addetto stampa tedesco, che aveva evidentemente parlato troppo.<br \/>\nLa notizia fece rapidamente il giro della citt\u00e0 e iniziarono le trattative, in realt\u00e0 in atto da tempo, tra la Santa Sede e i comandi nazisti e tra la Santa Sede e i contatti diplomatici alleati, da un lato per garantire l&#8217;incolumit\u00e0 del Vaticano e della citt\u00e0 stessa, dall&#8217;altro per assicurare che il vuoto di potere prima dell&#8217;arrivo degli alleati non fornisse <em>&#8220;ai comunisti&#8221;<\/em> l&#8217;occasione per impadronirsi di Roma. Che era una tra le preoccupazioni principali del papa.<br \/>\nLo stesso giorno, Pio XII si raccomand\u00f2 ai comandi alleati affinch\u00e9 la transizione fosse il pi\u00f9 veloce possibile e affinch\u00e9 le truppe di stanza a Roma fossero molto esigue. Ma non solo, il Papa espresse anche un altro desiderio, premente. Ecco le parole dell&#8217;ambasciatore inglese Osborne, che raccolse le richieste papali:<\/p>\n<p style=\"padding-left: 15px;\"><em><span style=\"color: #888888;\">&#8220;Oggi il cardinale segretario di stato mi ha fatto chiamare per dirmi che il papa sperava che, tra le esigue truppe alleate di stanza a Roma dopo l&#8217;occupazione, non ci fossero soldati di colore. Si \u00e8 affrettato ad aggiungere che la Santa Sede non ne faceva una questione dirimente, ma che auspicava fosse possibile soddisfare la sua richiesta&#8221;.<\/span><\/em><\/p>\n<p>Un&#8217;altra meraviglia da Pio XII. Ma esiste una spiegazione razionale alla richiesta papalina, eccola: secondo padre Peter Gumpel, gesuita incaricato delle indagini per la santificazione di Pio XII, il papa espresse questa richiesta perch\u00e9 riteneva che le truppe di colore, sempre di bene in meglio, fossero pi\u00f9 suscettibili, rispetto a quelle composte da soli bianchi, di commettere stupri.<\/p>\n","protected":false},"excerpt":{"rendered":"<p>Il 22 marzo 1944, su Il Messaggero, allora gestito dai fascisti, usc\u00ec una strana nota, sensazionale, nella quale si preannunciava il prossimo ritiro dei tedeschi da Roma: l&#8217;articolo era basato, pare, su un&#8217;indiscrezione dell&#8217;addetto stampa tedesco, che aveva evidentemente parlato troppo. La notizia fece rapidamente il giro della citt\u00e0 e iniziarono le trattative, in realt\u00e0 [&hellip;]<\/p>\n","protected":false},"author":1,"featured_media":0,"comment_status":"open","ping_status":"open","sticky":false,"template":"","format":"standard","meta":{"footnotes":""},"categories":[9],"tags":[],"class_list":["post-2885","post","type-post","status-publish","format-standard","hentry","category-memoria"],"_links":{"self":[{"href":"https:\/\/www.trivigante.it\/public\/tregenda\/wp-json\/wp\/v2\/posts\/2885","targetHints":{"allow":["GET"]}}],"collection":[{"href":"https:\/\/www.trivigante.it\/public\/tregenda\/wp-json\/wp\/v2\/posts"}],"about":[{"href":"https:\/\/www.trivigante.it\/public\/tregenda\/wp-json\/wp\/v2\/types\/post"}],"author":[{"embeddable":true,"href":"https:\/\/www.trivigante.it\/public\/tregenda\/wp-json\/wp\/v2\/users\/1"}],"replies":[{"embeddable":true,"href":"https:\/\/www.trivigante.it\/public\/tregenda\/wp-json\/wp\/v2\/comments?post=2885"}],"version-history":[{"count":0,"href":"https:\/\/www.trivigante.it\/public\/tregenda\/wp-json\/wp\/v2\/posts\/2885\/revisions"}],"wp:attachment":[{"href":"https:\/\/www.trivigante.it\/public\/tregenda\/wp-json\/wp\/v2\/media?parent=2885"}],"wp:term":[{"taxonomy":"category","embeddable":true,"href":"https:\/\/www.trivigante.it\/public\/tregenda\/wp-json\/wp\/v2\/categories?post=2885"},{"taxonomy":"post_tag","embeddable":true,"href":"https:\/\/www.trivigante.it\/public\/tregenda\/wp-json\/wp\/v2\/tags?post=2885"}],"curies":[{"name":"wp","href":"https:\/\/api.w.org\/{rel}","templated":true}]}}