{"id":36349,"date":"2026-04-28T12:31:53","date_gmt":"2026-04-28T10:31:53","guid":{"rendered":"https:\/\/www.trivigante.it\/cose\/?p=36349"},"modified":"2026-04-28T13:01:36","modified_gmt":"2026-04-28T11:01:36","slug":"quelli-che-la-sanno-sempre-tutta","status":"publish","type":"post","link":"https:\/\/www.trivigante.it\/cose\/?p=36349","title":{"rendered":"quelli che la sanno sempre tutta"},"content":{"rendered":"\n<p>E poi pontificano. Massimo Recalcati su Repubblica di oggi, &#8216;Il complesso di superiorit\u00e0 della sinistra&#8217;, dimostra ancora una volta di non prendersi nemmeno la briga di capire cosa sia davvero successo per cedere, invece, alla tentazione di dare una bella lezioncina a tutti, di concionare su cosa sia giusto o meno e di ergersi ad arbitro morale al di sopra di una frotta di deficienti.<br>Basta l&#8217;inizio: &#8220;Esiste una tentazione ricorrente di una parte della sinistra italiana: quella di credere che il diritto alla memoria e alla libert\u00e0 appartenga a chi si riconosce sotto una sola bandiera&#8221; per capire dove voglia andare a parare, al &#8220;fascismo di sinistra&#8221;, per strumentalizzare quanto accaduto: &#8220;Quello che \u00e8 accaduto a Milano ha contraddetto sintomaticamente questa ritualit\u00e0 simbolica: l\u2019umiliazione, la contestazione della Brigata Ebraica dal corteo del 25 aprile, la confusione delle gravissime responsabilit\u00e0 del governo Netanyahu con l\u2019identit\u00e0 storica e morale del popolo israeliano&#8221;. Vergogna, Recalcati.<\/p>\n\n\n\n<figure class=\"wp-block-image size-full\"><img loading=\"lazy\" decoding=\"async\" width=\"750\" height=\"422\" src=\"https:\/\/www.trivigante.it\/cose\/wp-content\/uploads\/2026\/04\/2026-04-25-15.44.28.jpg\" alt=\"\" class=\"wp-image-36351\" srcset=\"https:\/\/www.trivigante.it\/cose\/wp-content\/uploads\/2026\/04\/2026-04-25-15.44.28.jpg 750w, https:\/\/www.trivigante.it\/cose\/wp-content\/uploads\/2026\/04\/2026-04-25-15.44.28-615x346.jpg 615w\" sizes=\"auto, (max-width: 750px) 100vw, 750px\" \/><\/figure>\n\n\n\n<p>Un piccolo gruppetto della Brigata ebraica, brandendo bandiere di Israele e immagini di Netanyahu, uniti a una decina di sciroccati iraniani sostenitori dello Sci\u00e0 e a sette, dico sette, giovanissimi presumibilmente assunti da Forza Italia con le bandiere del partito, sono entrati nel corteo all&#8217;altezza dell&#8217;incrocio tra corso Venezia e via Palestro, mettendosi alla testa del corteo. E gi\u00e0 questo era inopportuno. Corteo che, lo ricordo, \u00e8 perfettamente in grado di distinguere ebraismo da Israele, tant&#8217;\u00e8 che un collettivo ebraico c&#8217;era in corteo e ha sfilato tranquillissimamente, come \u00e8 giusto che sia. Le bandiere dello stato di Israele e le immagini del suo primo ministro non potevano non essere rilevate come una provocazione, e questo era chiaro fin da prima del corteo, tant&#8217;\u00e8 che l&#8217;accordo con la prefettura &#8211; lo dice il presidente dell&#8217;ANPI &#8211; era che non ci fossero le bandiere. Nessuno ha contestato la Brigata n\u00e9, tantomeno, l&#8217;ha umiliata, ovviamente la provocazione \u00e8 stata avvertita dal corteo &#8211; preso, lo ripeto, tra l&#8217;altro impropriamente dalla testa &#8211; e dalla folta rappresentanza palestinese. Sono semplicemente volati alcuni insulti e cori, come \u00e8 inevitabile avvenga dopo due anni e mezzo di sterminio a Gaza, in Cisgiordania e ora nel Libano del sud e ben pi\u00f9 di settantamila morti. La polizia ha fatto cordone, pochi anche loro a dire il vero con alcuni City angels difensori di chiss\u00e0 che, e la combriccola Brigata-iraniani per lo sci\u00e0-Forza Italia ha ben pensato di fermarsi alla strozzatura della strada, all&#8217;incrocio, per quasi due ore. Fermando quindi tutto il resto del corteo dietro, pi\u00f9 di centomila persone, al caldo e compresse. Quando sono cominciati i malori, dietro, sono partite le richieste di avanzare o di far uscire l&#8217;ostacolo dal corteo, il drappello protetto dalla polizia. Tutto qua. Colpevole anche la polizia che, anche solo per buon senso, avrebbe dovuto far uscire il tappo dal corteo, fossero anche i marziani sostenitori del cibo biologico, per questioni di ordine pubblico e incolumit\u00e0 dei partecipanti. Una volta usciti, dopo ben due ore e non avendo ottenuto gli incidenti che stavano evidentemente cercando, il corteo \u00e8 proseguito pacificamente. Come era cominciata ed \u00e8 stata tutta la giornata, con una manifestazione bellissima, colorata, aperta, limpida. Se qualcuno, Fiano o altri, abbia sentito un&#8217;idiozia pronunciata da qualcuno sulle &#8216;saponette mancate&#8217;, mi spiace sinceramente e ovviamente nessuno condivide ma non \u00e8 la realt\u00e0 di ci\u00f2 che \u00e8 accaduto ma un singolo episodio, ammesso sia accaduto. L&#8217;intenzione provocatoria del gruppuscolo era evidentissima per chi, come me e i miei amici, era proprio l\u00ec.<\/p>\n\n\n\n<figure class=\"wp-block-image size-full\"><img loading=\"lazy\" decoding=\"async\" width=\"750\" height=\"422\" src=\"https:\/\/www.trivigante.it\/cose\/wp-content\/uploads\/2026\/04\/2026-04-25-15.49.28.jpg\" alt=\"\" class=\"wp-image-36353\" srcset=\"https:\/\/www.trivigante.it\/cose\/wp-content\/uploads\/2026\/04\/2026-04-25-15.49.28.jpg 750w, https:\/\/www.trivigante.it\/cose\/wp-content\/uploads\/2026\/04\/2026-04-25-15.49.28-615x346.jpg 615w\" sizes=\"auto, (max-width: 750px) 100vw, 750px\" \/><\/figure>\n\n\n\n<p>Nei cori, &#8220;fuori, fuori&#8221; e &#8220;fuori i fascisti dal corteo&#8221;, francamente non trovo nulla di ingiustificato. Ci sono i video a provarlo, il corteo ha anzi risposto in maniera molto matura, senza cedere alle tentazioni. Sarebbe bastato avanzare, un passo alla volta. Nessun &#8220;antisemitismo osceno e regressivo&#8221;, come conciona Recalcati permettendosi di esprimere giudizi, lui s\u00ec, davvero offensivi: &#8220;porsi come giudici fanatici della vera verit\u00e0, condannare gli eretici, negare il diritto di parola, fustigare il pensiero divergente nel nome di un bestiario orwelliano che rivendica per se stesso il fatto di essere pi\u00f9 democratico di ogni democratico&#8221;. Che schifo, lui s\u00ec, e prosegue dallo scranno: &#8220;In questo senso, i fatti di Milano sono ai miei occhi rivelatori di un deficit di cultura democratica. Solo un confronto serrato con la propria ombra potrebbe emancipare la sinistra autoritaria da questa ambivalenza rendendola profondamente democratica&#8221;. Deprimente, ma non da oggi.<\/p>\n\n\n\n<p>Deprimente non perch\u00e9 Recalcati non si sia preso nemmeno la briga di appurare i fatti, bens\u00ec perch\u00e9 nemmeno gli importi. Facendo cos\u00ec esattamente quel che volevano Brigata-iraniani per lo sci\u00e0-Forza Italia, visibilit\u00e0 e pubblico sdegno dei benpensanti da poltrona. La chiusa \u00e8 memorabile, l&#8217;accusa: &#8220;\u00c8 il complesso di superiorit\u00e0 che affligge coloro che si sentono dalla parte giusta&#8221; \u00e8 esattamente ci\u00f2 che fa Recalcati stesso, confermando ci\u00f2 che, di solito, sta a pagina uno del manuale di psicologia da supermarket, ovvero imputare agli altri le proprie colpe. A sinistra e non solo non abbiamo bisogno di maestrini del genere e, anzi, sono proprio loro che portano voti a valanga alle destre in attesa di riscatto, con il loro saperla sempre pi\u00f9 lunga di tutti, custodi del giusto, ritenendo il fuori da s\u00e9 composto da idioti mancanti dei valori di fondo.<\/p>\n","protected":false},"excerpt":{"rendered":"<p>E poi pontificano. Massimo Recalcati su Repubblica di oggi, &#8216;Il complesso di superiorit\u00e0 della sinistra&#8217;, dimostra ancora una volta di non prendersi nemmeno la briga di capire cosa sia davvero successo per cedere, invece, alla tentazione di dare una bella lezioncina a tutti, di concionare su cosa sia giusto o meno e di ergersi ad [&hellip;]<\/p>\n","protected":false},"author":4,"featured_media":0,"comment_status":"open","ping_status":"open","sticky":false,"template":"","format":"standard","meta":{"footnotes":""},"categories":[10],"tags":[],"class_list":["post-36349","post","type-post","status-publish","format-standard","hentry","category-nemici"],"_links":{"self":[{"href":"https:\/\/www.trivigante.it\/cose\/index.php?rest_route=\/wp\/v2\/posts\/36349","targetHints":{"allow":["GET"]}}],"collection":[{"href":"https:\/\/www.trivigante.it\/cose\/index.php?rest_route=\/wp\/v2\/posts"}],"about":[{"href":"https:\/\/www.trivigante.it\/cose\/index.php?rest_route=\/wp\/v2\/types\/post"}],"author":[{"embeddable":true,"href":"https:\/\/www.trivigante.it\/cose\/index.php?rest_route=\/wp\/v2\/users\/4"}],"replies":[{"embeddable":true,"href":"https:\/\/www.trivigante.it\/cose\/index.php?rest_route=%2Fwp%2Fv2%2Fcomments&post=36349"}],"version-history":[{"count":20,"href":"https:\/\/www.trivigante.it\/cose\/index.php?rest_route=\/wp\/v2\/posts\/36349\/revisions"}],"predecessor-version":[{"id":36372,"href":"https:\/\/www.trivigante.it\/cose\/index.php?rest_route=\/wp\/v2\/posts\/36349\/revisions\/36372"}],"wp:attachment":[{"href":"https:\/\/www.trivigante.it\/cose\/index.php?rest_route=%2Fwp%2Fv2%2Fmedia&parent=36349"}],"wp:term":[{"taxonomy":"category","embeddable":true,"href":"https:\/\/www.trivigante.it\/cose\/index.php?rest_route=%2Fwp%2Fv2%2Fcategories&post=36349"},{"taxonomy":"post_tag","embeddable":true,"href":"https:\/\/www.trivigante.it\/cose\/index.php?rest_route=%2Fwp%2Fv2%2Ftags&post=36349"}],"curies":[{"name":"wp","href":"https:\/\/api.w.org\/{rel}","templated":true}]}}