{"id":17797,"date":"2021-01-19T05:10:26","date_gmt":"2021-01-19T04:10:26","guid":{"rendered":"http:\/\/www.trivigante.it\/cose\/?p=17797"},"modified":"2024-02-09T20:43:35","modified_gmt":"2024-02-09T19:43:35","slug":"minidiario-scritto-un-po-cosi-delle-cose-recidive-ovvero-perseverare-nella-pandemia-gennaio-ioioio-luniversita-cattolica-cubana-prima-le-seconde-case","status":"publish","type":"post","link":"https:\/\/www.trivigante.it\/cose\/?p=17797","title":{"rendered":"minidiario scritto un po\u2019 cos\u00ec delle cose recidive, ovvero perseverare nella pandemia: gennaio, ioioio, l&#8217;universit\u00e0 cattolica cubana, prima le seconde case"},"content":{"rendered":"\n<p>\u00c8 bastato poco tempo, lo sapevo, non \u00e8 che ci volesse una cima per immaginarlo. La neoassessora lombarda Moratti ha avuto la sua prima idea e, altrettanto prevedibilmente, \u00e8 una sonora cagata. Ops, pardon, avrei dovuto argomentare prima per poi, delicatamente, condurre il ragionamento alla medesima conclusione. D&#8217;accordo. L&#8217;assessora al welfare con delega alla salute propone, in perfetta linea con il sentire lombardo diffuso, di tenere conto del PIL prodotto nel calcolo del numero di dosi di vaccino da distribuire. Non solo, aggiunge altri tre parametri di cui tenere conto: mobilit\u00e0, densit\u00e0 abitativa e zone pi\u00f9 colpite dal virus. Quindi: qual \u00e8 la regione che produce pi\u00f9 PIL di tutte? Qual \u00e8 quella con la maggiore mobilit\u00e0 e densit\u00e0 abitativa? E, infine, qual \u00e8 quella maggiormente colpita dal virus? E le risposte sono (in entusiastico coro, mi raccomando): \u00ab<em>Lombardia, Lombardia, Lombardia!<\/em>\u00bb. Ergo: pi\u00f9 vaccini alla Lombardia, niente al Kirghizistan. Il bello di una proposta \u00e8 quando la prima parte significa \u00abio\u00bb e quando la seconda, dopo una locuzione tipo \u00abrispetto a\u00bb, significa \u00abtu\u00bb, \u00abvoi\u00bb o \u00abchiunquealtro, cosavuoichemenefreghi\u00bb. Mezza Lombardia \u00e8 gi\u00e0 in visibilio, eh s\u00ec, era ora che qualcuno le cantasse belle chiare, finalmente qualcuno che si oppone all&#8217;odio antilombardo di questo governo. Non sto scherzando, se non vivete nella regione con la maggiore mobilit\u00e0 e densit\u00e0 abitativa di tutte, vi assicuro che qui i pensierini sono questi. E sono trasversali, da destra a sinistra senza bisogno di essere leghisti di via Bellerio. Ergo: Pago? Pretendo. Che, poi, sul <em>pago <\/em>ci sarebbe parecchio da intendersi, perch\u00e9 non \u00e8 che siccome lo diceva il commendator Zampetti allora \u00e8 vero. Direi, piuttosto, che siamo in zona sdrucciolevole, in quella zona per cui la lombarda era la sanit\u00e0 migliore del mondo e si \u00e8 visto poi com&#8217;\u00e8 andata (e sta andando, purtroppo). In quella zona in cui \u00e8 pi\u00f9 importante ripetere un assunto e farlo diventare verit\u00e0 invece che aprire la finestra e guardare davvero fuori come stanno le cose. Non vi dico in giunta: estasiati. Eccitati. Fontana, vicino a un cardiopalmo, spiega che la Moratti ha proposto \u00abuna serie di integrazioni che mi sembrano estremamente coerenti e logiche\u00bb, qui bisogna parlarne con Arcuri immediatamente, questa Moratti \u00e8 proprio un genio, come abbiamo fatto a non pensarci prima. Al contrario, non solo la Moratti dimostra di aver capito pochino del principio della salute pubblica &#8211; o se ne impippa, ovviamente -, non solo non ha pensato che se due criteri sono \u00abla densit\u00e0 abitativa\u00bb e \u00able zone pi\u00f9 colpite dal virus\u00bb allora bisognerebbe dirottare tutti i vaccini in India (anche per il PIL, forse), ma dimostra anche di aver capito nulla del funzionamento dei vaccini e della necessit\u00e0 di vaccinare tutti. Ma non solo: nelle ultime due settimane la tanto decantata Lombardia ha pure dato dimostrazione di non saper gestire le dosi di vaccino arrivate (\u00abil miglior modello organizzativo del mondo\u00bb), somministrandole con una lentezza e una disorganizzazione che sconsiglierebbero certo di inviarne di pi\u00f9. E il sistema di monitoraggio del numero dei contagiati \u00e8 in tilt, per stessa ammissione dei sindaci, che non sanno pi\u00f9 quanto malati ci siano nel proprio comune. Tutto ci\u00f2 fa un argomento? S\u00ec, no, boh, chi se ne frega, prima i lombardi, poi tireremo su i muri per non contagiarci. Il ministro Speranza twitta correttamente che: \u00abTutti hanno diritto al vaccino indipendentemente dalla ricchezza del territorio in cui vivono. In Italia la salute \u00e8 un bene pubblico fondamentale garantito dalla Costituzione. Non un privilegio di chi ha di pi\u00f9\u00bb, ha ragione, ma l&#8217;intento della Moratti era cominciare a conquistare consenso e cos\u00ec ha fatto. Che dire? Beh, Giulio: torna!<\/p>\n\n\n\n<figure class=\"wp-block-image size-large\"><img loading=\"lazy\" decoding=\"async\" width=\"720\" height=\"865\" src=\"http:\/\/www.trivigante.it\/cose\/wp-content\/uploads\/2021\/01\/201230.pfizer.jpg\" alt=\"\" class=\"wp-image-17800\" srcset=\"https:\/\/www.trivigante.it\/cose\/wp-content\/uploads\/2021\/01\/201230.pfizer.jpg 720w, https:\/\/www.trivigante.it\/cose\/wp-content\/uploads\/2021\/01\/201230.pfizer-615x739.jpg 615w\" sizes=\"auto, (max-width: 720px) 100vw, 720px\" \/><\/figure>\n\n\n\n<p>Il Giulio della frase prima \u00e8 Gallera, l&#8217;assessore precedente, zimbello e disastro fatto corridore. E oggi in Toscana \u00e8 iniziata la somministrazione del vaccino sviluppato da Moderna. Perch\u00e9? Mi sa che ha a che vedere con il fatto che sono stati pi\u00f9 efficienti nell&#8217;esaurire le dosi precedenti. Per restare sempre in zona lombarda, mi scuso ma la mia visuale \u00e8 ancora pi\u00f9 ristretta del solito, l&#8217;Universit\u00e0 cattolica (ripeto: l&#8217;Universit\u00e0 cattolica, non Sendero luminoso o il Partito Comunista Cubano) ha reso noto che sospender\u00e0 tutti i propri studenti in infermieristica che si rifiutino di fare il vaccino. E io miseramente a bocca aperta. \u00c8 giusto, \u00e8 sacrosanto, perdio. Perch\u00e9 se studi nel settore sanitario e non vuoi fare il vaccino vuol dire che non hai capito una fava del lavoro che ti accingi a fare, dello spirito e del rigore deontologico che la professione richiede. Nessuno pone dei limiti ad andare a guidare i tram, per dire, o a fare l&#8217;assessore in Regione. Gli studenti della Cattolica alle prese con l&#8217;esame di paleografia latina non avranno lo stesso problema, potranno anche obiettare e morire solitari e orgogliosi di s\u00e9 sotto un&#8217;epigrafe sperduta in val Camonica. Nel frattempo, mentre il paese \u00e8 distratto dalla fiducia al governo in Parlamento e riemergono da dietro i sassi i centristi da uno per cento e i tatticisti amorali, la maggior parte delle regioni italiane \u00e8 arancione, alcune rosse, alcune gialle con restrizioni, il che inibirebbe la maggior parte delle iniziative, sulla carta, ma se le Regioni stesse annunciano ricorsi contro la colorazione e per strada non c&#8217;\u00e8 alcun controllo, il risultato \u00e8 che la mattina in tangenziale a Milano c&#8217;\u00e8 la coda dei tempi belli. Ed \u00e8 chiaro che a questo punto la risposta del Ministero alla faq che chiede se sia possibile raggiungere le seconde case anche fuori regione assume rilevanza capitale. Perch\u00e9 \u00e8 immediatamente Pinerolo, Campiglio, Ponza e sa dio dove. Perch\u00e9 i legalisti a parole, quelli del guarda-che-si-pu\u00f2, gli stessi peraltro del qui-non-si-pu\u00f2 che raccontava Benni quarant&#8217;anni fa, sono dappertutto e hanno l&#8217;autocertificazione etica e morale sempre compilata. Ovvio, perch\u00e9 si tratta di s\u00e9 stessi e cosa c&#8217;\u00e8 di pi\u00f9 alto, di pi\u00f9 nobile, di pi\u00f9 rilevante?<\/p>\n\n\n\n<hr class=\"wp-block-separator\"\/>\n\n\n\n<p><a rel=\"noreferrer noopener\" href=\"http:\/\/www.trivigante.it\/cose\/?page_id=16003#minidiario\" target=\"_blank\">Le altre puntate del minidiario<\/a> scritto un po\u2019 cos\u00ec delle cose recidive:<br><a rel=\"noreferrer noopener\" href=\"http:\/\/www.trivigante.it\/cose\/?p=15977\" target=\"_blank\">26 ottobre<\/a> | <a rel=\"noreferrer noopener\" href=\"http:\/\/www.trivigante.it\/cose\/?p=16046\" target=\"_blank\">27 ottobre<\/a> | <a rel=\"noreferrer noopener\" href=\"http:\/\/www.trivigante.it\/cose\/?p=16091\" target=\"_blank\">29 ottobre<\/a> | <a rel=\"noreferrer noopener\" href=\"http:\/\/www.trivigante.it\/cose\/?p=16138\" target=\"_blank\">1 novembre<\/a> | <a rel=\"noreferrer noopener\" href=\"http:\/\/www.trivigante.it\/cose\/?p=16191\" target=\"_blank\">3 novembre<\/a> | <a rel=\"noreferrer noopener\" href=\"http:\/\/www.trivigante.it\/cose\/?p=16217\" target=\"_blank\">4 novembre<\/a> | <a rel=\"noreferrer noopener\" href=\"http:\/\/www.trivigante.it\/cose\/?p=16249\" target=\"_blank\">6 novembre<\/a> | <a rel=\"noreferrer noopener\" href=\"http:\/\/www.trivigante.it\/cose\/?p=16284\" target=\"_blank\">8 novembre<\/a> | <a rel=\"noreferrer noopener\" href=\"http:\/\/www.trivigante.it\/cose\/?p=16418\" target=\"_blank\">11 novembre<\/a> | <a rel=\"noreferrer noopener\" href=\"http:\/\/www.trivigante.it\/cose\/?p=16477\" target=\"_blank\">14 novembre<\/a> | <a rel=\"noreferrer noopener\" href=\"http:\/\/www.trivigante.it\/cose\/?p=16547\" target=\"_blank\">18 novembre<\/a> | <a rel=\"noreferrer noopener\" href=\"http:\/\/www.trivigante.it\/cose\/?p=16595\" target=\"_blank\">21 novembre<\/a> | <a rel=\"noreferrer noopener\" href=\"http:\/\/www.trivigante.it\/cose\/?p=16664\" target=\"_blank\">25 novembre<\/a> | <a rel=\"noreferrer noopener\" href=\"http:\/\/www.trivigante.it\/cose\/?p=16690\" target=\"_blank\">30 novembre<\/a> | <a rel=\"noreferrer noopener\" href=\"http:\/\/www.trivigante.it\/cose\/?p=16795\" target=\"_blank\">4 dicembre<\/a> | <a rel=\"noreferrer noopener\" href=\"http:\/\/www.trivigante.it\/cose\/?p=16866\" target=\"_blank\">8 dicembre<\/a> | <a rel=\"noreferrer noopener\" href=\"http:\/\/www.trivigante.it\/cose\/?p=16966\" target=\"_blank\">12 dicembre<\/a> | <a rel=\"noreferrer noopener\" href=\"http:\/\/www.trivigante.it\/cose\/?p=17092\" target=\"_blank\">19 dicembre<\/a> | <a rel=\"noreferrer noopener\" href=\"http:\/\/www.trivigante.it\/cose\/?p=17251\" target=\"_blank\">23 dicembre<\/a> | <a rel=\"noreferrer noopener\" href=\"http:\/\/www.trivigante.it\/cose\/?p=17343\" target=\"_blank\">30 dicembre<\/a> | <a rel=\"noreferrer noopener\" href=\"http:\/\/www.trivigante.it\/cose\/?p=17499\" target=\"_blank\">6 gennaio<\/a> | <a rel=\"noreferrer noopener\" href=\"http:\/\/www.trivigante.it\/cose\/?p=17761\" target=\"_blank\">15 gennaio<\/a> | <a href=\"http:\/\/www.trivigante.it\/cose\/?p=17797\" target=\"_blank\" rel=\"noreferrer noopener\">19 gennaio<\/a> |<\/p>\n\n\n\n<hr class=\"wp-block-separator\"\/>\n\n\n\n<p class=\"has-text-align-center\"><a href=\"http:\/\/www.trivigante.it\/cose\/?page_id=16003\" target=\"_blank\" rel=\"noreferrer noopener\">Tutti gli indici<\/a><\/p>\n","protected":false},"excerpt":{"rendered":"<p>\u00c8 bastato poco tempo, lo sapevo, non \u00e8 che ci volesse una cima per immaginarlo. La neoassessora lombarda Moratti ha avuto la sua prima idea e, altrettanto prevedibilmente, \u00e8 una sonora cagata. Ops, pardon, avrei dovuto argomentare prima per poi, delicatamente, condurre il ragionamento alla medesima conclusione. D&#8217;accordo. L&#8217;assessora al welfare con delega alla salute [&hellip;]<\/p>\n","protected":false},"author":4,"featured_media":0,"comment_status":"open","ping_status":"closed","sticky":false,"template":"","format":"standard","meta":{"footnotes":""},"categories":[5],"tags":[],"class_list":["post-17797","post","type-post","status-publish","format-standard","hentry","category-trivigantismi"],"_links":{"self":[{"href":"https:\/\/www.trivigante.it\/cose\/index.php?rest_route=\/wp\/v2\/posts\/17797","targetHints":{"allow":["GET"]}}],"collection":[{"href":"https:\/\/www.trivigante.it\/cose\/index.php?rest_route=\/wp\/v2\/posts"}],"about":[{"href":"https:\/\/www.trivigante.it\/cose\/index.php?rest_route=\/wp\/v2\/types\/post"}],"author":[{"embeddable":true,"href":"https:\/\/www.trivigante.it\/cose\/index.php?rest_route=\/wp\/v2\/users\/4"}],"replies":[{"embeddable":true,"href":"https:\/\/www.trivigante.it\/cose\/index.php?rest_route=%2Fwp%2Fv2%2Fcomments&post=17797"}],"version-history":[{"count":33,"href":"https:\/\/www.trivigante.it\/cose\/index.php?rest_route=\/wp\/v2\/posts\/17797\/revisions"}],"predecessor-version":[{"id":17832,"href":"https:\/\/www.trivigante.it\/cose\/index.php?rest_route=\/wp\/v2\/posts\/17797\/revisions\/17832"}],"wp:attachment":[{"href":"https:\/\/www.trivigante.it\/cose\/index.php?rest_route=%2Fwp%2Fv2%2Fmedia&parent=17797"}],"wp:term":[{"taxonomy":"category","embeddable":true,"href":"https:\/\/www.trivigante.it\/cose\/index.php?rest_route=%2Fwp%2Fv2%2Fcategories&post=17797"},{"taxonomy":"post_tag","embeddable":true,"href":"https:\/\/www.trivigante.it\/cose\/index.php?rest_route=%2Fwp%2Fv2%2Ftags&post=17797"}],"curies":[{"name":"wp","href":"https:\/\/api.w.org\/{rel}","templated":true}]}}