{"id":17761,"date":"2021-01-15T11:26:38","date_gmt":"2021-01-15T10:26:38","guid":{"rendered":"http:\/\/www.trivigante.it\/cose\/?p=17761"},"modified":"2024-02-09T20:43:35","modified_gmt":"2024-02-09T19:43:35","slug":"minidiario-scritto-un-po-cosi-delle-cose-recidive-ovvero-perseverare-nella-pandemia-gennaio-entro-entro-entro-i-ragazzi-sono-il-nostro-futuro-fortuna-che-al-governo-tutto-a-posto","status":"publish","type":"post","link":"https:\/\/www.trivigante.it\/cose\/?p=17761","title":{"rendered":"minidiario scritto un po\u2019 cos\u00ec delle cose recidive, ovvero perseverare nella pandemia: gennaio, entro, entro, entro, i ragazzi sono il nostro futuro, fortuna che al governo tutto a posto"},"content":{"rendered":"\n<p>Se fin dall&#8217;inizio mi fossi messo a raccogliere le previsioni sui tempi di vaccinazione in Italia sentite finora &#8211; non l&#8217;ho fatto consapevolmente, perch\u00e9 poi mi viene il sangue amarone &#8211; avrei raccolto un catalogo clamoroso di scemenze sparate a caso. \u00abEntro giugno met\u00e0 degli italiani sar\u00e0 vaccinata\u00bb (Ricciardi), \u00abentro la fine dell&#8217;estate offriremo il vaccino a tutti i residenti del nostro Paese\u00bb (Locatelli), \u00abentro settembre 2021 tutti gli italiani potranno essere vaccinati\u00bb (Arcuri), \u00abi primi 2 o 3 milioni di dosi potrebbero essere disponibili gi\u00e0 prima della fine dell\u2019anno\u00bb (Conte che parla ovviamente del 2020), \u00abnoi gi\u00e0 dal 1 aprile potremmo avere 13 milioni di vaccinati e cos\u00ec avremmo gi\u00e0 raggiunto la Fase Uno\u00bb (Speranza). Potrei andare avanti per molto ma il concetto \u00e8 chiaro. A oggi, secondo <a rel=\"noreferrer noopener\" href=\"https:\/\/app.powerbi.com\/view?r=eyJrIjoiMzg4YmI5NDQtZDM5ZC00ZTIyLTgxN2MtOTBkMWM4MTUyYTg0IiwidCI6ImFmZDBhNzVjLTg2NzEtNGNjZS05MDYxLTJjYTBkOTJlNDIyZiIsImMiOjh9\" target=\"_blank\">il sito ufficiale<\/a>, siamo a 927.099 vaccinati. Attenzione, primo giro, servir\u00e0 il richiamo in qualche settimana. E al momento \u00e8 relativamente facile, perch\u00e9 gli operatori sanitari e i governatori di regione sai dove trovarli, dopo sar\u00e0 pi\u00f9 complicato. Quindi, facendo un po&#8217; di tara e calcolando che ciascuno dovr\u00e0 ricevere due iniezioni, ai ritmi attuali ci dovremmo mettere sessanta mesi per vaccinare l&#8217;intera popolazione italiana, cio\u00e8 cinque anni. Oh, magari non sto seduto accanto al campanello aspettando che mi chiamino.<br>E se ci mettessimo in mezzo una crisi di governo? Ci metteremmo meno o ci metteremmo di pi\u00f9? E se andassimo al voto? Beh, sarebbe stupendo, in un batter d&#8217;occhio ci potremmo mettere, sei, sette, dieci anni, sempre che, naturalmente, di crisi e di cambio di governo non se ne mettano in mezzo altre. Ma che vado a pensare? Chi sarebbe cos\u00ec scellerato e scimunito a causare una crisi di governo in questo momento? In mezzo a una pandemia? Maddai, impossibile. Irrealistico, per fortuna.<br>Che pensieri che mi vengono. Si fa pi\u00f9 forte la spinta per la riapertura delle scuole superiori, genitori, studenti, docenti, e forse qualcosa accadr\u00e0, chiss\u00e0. D&#8217;altronde tra i due estremi, sentiti di continuo &#8211; cio\u00e8: la scuola \u00e8 un&#8217;enorme fonte di contagio; la scuola \u00e8 sicura &#8211; ci pu\u00f2 stare di tutto e nessuno sa, davvero, come stiano le cose. Ma vuoi mettere la commozione quando studentelli con occhi di cerbiatto dicono che \u00abgli stanno rubando il futuro?\u00bb. Mica si pu\u00f2 restare insensibili. Se la pandemia fosse esplosa quand&#8217;ero adolescente io, ci saremmo contagiati alle cabine telefoniche per colpa del duplex a casa. Si fa forte anche la spinta dei ristoratori per la riapertura o per l&#8217;erogazione di altri sussidi (e i liberisti? E quelli che sostenevano il mercato sopra tutto contro l&#8217;intervento dello Stato? E voi baristi che li avete votati e li votate e voterete?) e, quindi, protestano oggi tenendo aperto. Sar\u00e0 che tutto \u2019sto parlare di soldi del MES e del <em>recovery fund<\/em> sta facendo girare la testa e crescere il desiderio collettivo di accaparrarsene un po&#8217;.<\/p>\n\n\n\n<figure class=\"wp-block-image size-large is-resized\"><img decoding=\"async\" src=\"http:\/\/www.trivigante.it\/cose\/wp-content\/uploads\/2021\/01\/210109.covidpppp.jpg\" alt=\"\" class=\"wp-image-17764\" width=\"615\"\/><\/figure>\n\n\n\n<p>Pippo. Pippa. Pippone. Pappardella. Poppone. Popolopopo. Popoppopopopopooo.<br>Siamo in attesa del DPCM, ancora, che stabilir\u00e0 come ce la passeremo nei prossimi due mesi o gi\u00f9 di l\u00ec. La ridda di ipotesi tiene banco sui giornali, i quali vergognosamente (il Corriere su tutti) le presentano come fatti e non come supposizioni, creando ulteriore confusione oltre a quella, non poca, che gi\u00e0 c&#8217;\u00e8. Si potr\u00e0 sciare? Si potr\u00e0 andare a visitare gli amici in regione? Si potr\u00e0 invitare a cena degli amici? Andare nelle seconde case? Che rottura di balle. A corollario, oggi saranno ripristinati i colori differenziati a seconda della regione, con la novit\u00e0 che sono state abbassate le soglie per cui sar\u00e0 pi\u00f9 facile essere rossi. Perch\u00e9 le cose non vanno mica tanto bene, i dati sono in crescita (chi l&#8217;avrebbe detto, dopo natale e capodanno?), l&#8217;occupazione ospedaliera anche, i morti continuano implacabili. E in Europa anche peggio, Inghilterra e Germania particolarmente male, forse un&#8217;anticipazione di dove stiamo andando anche noi. Tra i paesi UE ora \u00e8 sufficiente un tampone rapido, non serve pi\u00f9 nemmeno la quarantena. Immagino sia perch\u00e9, ormai, il contagio \u00e8 ovunque in maniera uniforme o quasi. Presumibilmente, la maggior parte delle regioni sar\u00e0 arancione, una manciata rosse e poche poche gialle. \u00c8 istituita anche una zona bianca, in cui si potr\u00e0 fare di tutto e anche di pi\u00f9, ma resta incerta l&#8217;applicazione, al momento. Sar\u00e0 assegnata ad Atlantide? A Eldorado? Al paese dei balocchi? A Fantasilandia? Alla montagna del sapone?<br>Fortuna che non abbiamo anche una crisi di governo tra i piedi.<\/p>\n\n\n\n<hr class=\"wp-block-separator\"\/>\n\n\n\n<p><a rel=\"noreferrer noopener\" href=\"http:\/\/www.trivigante.it\/cose\/?page_id=16003#minidiario\" target=\"_blank\">Le altre puntate del minidiario<\/a> scritto un po\u2019 cos\u00ec delle cose recidive:<br><a rel=\"noreferrer noopener\" href=\"http:\/\/www.trivigante.it\/cose\/?p=15977\" target=\"_blank\">26 ottobre<\/a> | <a rel=\"noreferrer noopener\" href=\"http:\/\/www.trivigante.it\/cose\/?p=16046\" target=\"_blank\">27 ottobre<\/a> | <a rel=\"noreferrer noopener\" href=\"http:\/\/www.trivigante.it\/cose\/?p=16091\" target=\"_blank\">29 ottobre<\/a> | <a rel=\"noreferrer noopener\" href=\"http:\/\/www.trivigante.it\/cose\/?p=16138\" target=\"_blank\">1 novembre<\/a> | <a rel=\"noreferrer noopener\" href=\"http:\/\/www.trivigante.it\/cose\/?p=16191\" target=\"_blank\">3 novembre<\/a> | <a rel=\"noreferrer noopener\" href=\"http:\/\/www.trivigante.it\/cose\/?p=16217\" target=\"_blank\">4 novembre<\/a> | <a rel=\"noreferrer noopener\" href=\"http:\/\/www.trivigante.it\/cose\/?p=16249\" target=\"_blank\">6 novembre<\/a> | <a rel=\"noreferrer noopener\" href=\"http:\/\/www.trivigante.it\/cose\/?p=16284\" target=\"_blank\">8 novembre<\/a> | <a rel=\"noreferrer noopener\" href=\"http:\/\/www.trivigante.it\/cose\/?p=16418\" target=\"_blank\">11 novembre<\/a> | <a rel=\"noreferrer noopener\" href=\"http:\/\/www.trivigante.it\/cose\/?p=16477\" target=\"_blank\">14 novembre<\/a> | <a rel=\"noreferrer noopener\" href=\"http:\/\/www.trivigante.it\/cose\/?p=16547\" target=\"_blank\">18 novembre<\/a> | <a rel=\"noreferrer noopener\" href=\"http:\/\/www.trivigante.it\/cose\/?p=16595\" target=\"_blank\">21 novembre<\/a> | <a rel=\"noreferrer noopener\" href=\"http:\/\/www.trivigante.it\/cose\/?p=16664\" target=\"_blank\">25 novembre<\/a> | <a rel=\"noreferrer noopener\" href=\"http:\/\/www.trivigante.it\/cose\/?p=16690\" target=\"_blank\">30 novembre<\/a> | <a rel=\"noreferrer noopener\" href=\"http:\/\/www.trivigante.it\/cose\/?p=16795\" target=\"_blank\">4 dicembre<\/a> | <a rel=\"noreferrer noopener\" href=\"http:\/\/www.trivigante.it\/cose\/?p=16866\" target=\"_blank\">8 dicembre<\/a> | <a rel=\"noreferrer noopener\" href=\"http:\/\/www.trivigante.it\/cose\/?p=16966\" target=\"_blank\">12 dicembre<\/a> | <a rel=\"noreferrer noopener\" href=\"http:\/\/www.trivigante.it\/cose\/?p=17092\" target=\"_blank\">19 dicembre<\/a> | <a rel=\"noreferrer noopener\" href=\"http:\/\/www.trivigante.it\/cose\/?p=17251\" target=\"_blank\">23 dicembre<\/a> | <a rel=\"noreferrer noopener\" href=\"http:\/\/www.trivigante.it\/cose\/?p=17343\" target=\"_blank\">30 dicembre<\/a> | <a rel=\"noreferrer noopener\" href=\"http:\/\/www.trivigante.it\/cose\/?p=17499\" target=\"_blank\">6 gennaio<\/a> | <a href=\"http:\/\/www.trivigante.it\/cose\/?p=17761\" target=\"_blank\" rel=\"noreferrer noopener\">15 gennaio<\/a> |<\/p>\n\n\n\n<hr class=\"wp-block-separator\"\/>\n\n\n\n<p class=\"has-text-align-center\"><a href=\"http:\/\/www.trivigante.it\/cose\/?page_id=16003\" target=\"_blank\" rel=\"noreferrer noopener\">Tutti gli indici<\/a><\/p>\n","protected":false},"excerpt":{"rendered":"<p>Se fin dall&#8217;inizio mi fossi messo a raccogliere le previsioni sui tempi di vaccinazione in Italia sentite finora &#8211; non l&#8217;ho fatto consapevolmente, perch\u00e9 poi mi viene il sangue amarone &#8211; avrei raccolto un catalogo clamoroso di scemenze sparate a caso. \u00abEntro giugno met\u00e0 degli italiani sar\u00e0 vaccinata\u00bb (Ricciardi), \u00abentro la fine dell&#8217;estate offriremo il [&hellip;]<\/p>\n","protected":false},"author":4,"featured_media":0,"comment_status":"open","ping_status":"closed","sticky":false,"template":"","format":"standard","meta":{"footnotes":""},"categories":[5],"tags":[],"class_list":["post-17761","post","type-post","status-publish","format-standard","hentry","category-trivigantismi"],"_links":{"self":[{"href":"https:\/\/www.trivigante.it\/cose\/index.php?rest_route=\/wp\/v2\/posts\/17761","targetHints":{"allow":["GET"]}}],"collection":[{"href":"https:\/\/www.trivigante.it\/cose\/index.php?rest_route=\/wp\/v2\/posts"}],"about":[{"href":"https:\/\/www.trivigante.it\/cose\/index.php?rest_route=\/wp\/v2\/types\/post"}],"author":[{"embeddable":true,"href":"https:\/\/www.trivigante.it\/cose\/index.php?rest_route=\/wp\/v2\/users\/4"}],"replies":[{"embeddable":true,"href":"https:\/\/www.trivigante.it\/cose\/index.php?rest_route=%2Fwp%2Fv2%2Fcomments&post=17761"}],"version-history":[{"count":29,"href":"https:\/\/www.trivigante.it\/cose\/index.php?rest_route=\/wp\/v2\/posts\/17761\/revisions"}],"predecessor-version":[{"id":17792,"href":"https:\/\/www.trivigante.it\/cose\/index.php?rest_route=\/wp\/v2\/posts\/17761\/revisions\/17792"}],"wp:attachment":[{"href":"https:\/\/www.trivigante.it\/cose\/index.php?rest_route=%2Fwp%2Fv2%2Fmedia&parent=17761"}],"wp:term":[{"taxonomy":"category","embeddable":true,"href":"https:\/\/www.trivigante.it\/cose\/index.php?rest_route=%2Fwp%2Fv2%2Fcategories&post=17761"},{"taxonomy":"post_tag","embeddable":true,"href":"https:\/\/www.trivigante.it\/cose\/index.php?rest_route=%2Fwp%2Fv2%2Ftags&post=17761"}],"curies":[{"name":"wp","href":"https:\/\/api.w.org\/{rel}","templated":true}]}}