{"id":17666,"date":"2021-01-12T14:07:58","date_gmt":"2021-01-12T13:07:58","guid":{"rendered":"http:\/\/www.trivigante.it\/cose\/?p=17666"},"modified":"2024-02-09T20:43:35","modified_gmt":"2024-02-09T19:43:35","slug":"guardo-lorizzonte-con-stanchezza","status":"publish","type":"post","link":"https:\/\/www.trivigante.it\/cose\/?p=17666","title":{"rendered":"guardava l&#8217;orizzonte con stanchezza&#8230;"},"content":{"rendered":"\n<p>Bel rimpastone nella giunta della Regione Lombardia e tutti contenti, come nulla fosse, a sorridere e mostrare ottimismo, celando lo sfacelo sotto il tappeto bello. L&#8217;assessore al welfare con delega alla sanit\u00e0 lombarda, lo sciagurato Gallera, viene silurato &#8211; sempre troppo tardi &#8211; adducendo la scusa che sia &#8220;stanco&#8221;. Non sembrava, quando <a rel=\"noreferrer noopener\" href=\"http:\/\/www.trivigante.it\/cose\/?p=16866\" target=\"_blank\">correva impippandosene delle regole<\/a>, quando discettava delle due persone infette in contemporanea necessarie per contagiarlo in un angolo buio o quando <a rel=\"noreferrer noopener\" href=\"http:\/\/www.trivigante.it\/cose\/?p=14270\" target=\"_blank\">ringraziava deferente la generosit\u00e0 della sanit\u00e0 privata<\/a>. O quando, a marzo e in piena pandemia, si dichiarava disponibile a candidarsi a sindaco di Milano. Sfrontato.<\/p>\n\n\n\n<p>Ma a lasciare la via vecchia, a cascare dalla padella, poi non si sa mai dove, e come, si vada a finire. \u00c8 questo il caso, con la nomina della Moratti, oltre che assessora anche vicepresidente (e, speculo: prossima candidata?). Tremenda come presidente RAI, ministra dell&#8217;istruzione, sindaca di Milano, poi titolare di una pletora di incarichi tra cui la presidenza del consiglio di gestione di Ubi Banca, la presidenza della Fondazione San Patrignano e chiss\u00e0 quanti altri. Condannata in via definitiva per aver dato incarichi illegittimi come sindaco di Milano, ha dovuto risarcire di tasca propria oltre 591mila euro, <em>vabb\u00e8<\/em>, poca differenza per lei, ma soprattutto ha causato un danno erariale di quasi due milioni di euro per le sue consulenze allegre. Non il modo migliore di cominciare.<br>Ma altre premesse sono anche peggio. Non ha mai fatto mistero di sostenere la sanit\u00e0 privata &#8211;  alla fine \u00e8 dello stesso partito del delinquente Formigoni &#8211; e di certo non sovvertir\u00e0 il modello fin qui dimostratosi fallimentare. Inoltre, Moratti dal 2018 \u00e8 consigliera di amministrazione di Bracco spa, multinazionale italiana del settore chimico e farmaceutico, con una partecipazione interessata in Lombardia, visto che gestisce servizi per la salute con il Centro Diagnostico Italiano, venti sedi nella regione. Conflitto di interessi? <em>Maddai<\/em>.<\/p>\n\n\n\n<figure class=\"wp-block-image size-large\"><img loading=\"lazy\" decoding=\"async\" width=\"1000\" height=\"563\" src=\"http:\/\/www.trivigante.it\/cose\/wp-content\/uploads\/2021\/01\/210112.Letizia-Moratti-assessore-regione-Lombardia-2.jpg\" alt=\"\" class=\"wp-image-17672\" srcset=\"https:\/\/www.trivigante.it\/cose\/wp-content\/uploads\/2021\/01\/210112.Letizia-Moratti-assessore-regione-Lombardia-2.jpg 1000w, https:\/\/www.trivigante.it\/cose\/wp-content\/uploads\/2021\/01\/210112.Letizia-Moratti-assessore-regione-Lombardia-2-615x346.jpg 615w, https:\/\/www.trivigante.it\/cose\/wp-content\/uploads\/2021\/01\/210112.Letizia-Moratti-assessore-regione-Lombardia-2-768x432.jpg 768w\" sizes=\"auto, (max-width: 1000px) 100vw, 1000px\" \/><\/figure>\n\n\n\n<p><em>Epper\u00f2 <\/em>non basta. La nuova assessora per le politiche sociali, famiglia e disabilit\u00e0 \u00e8 Alessandra Locatelli, leghista d&#8217;accatto prima assessora alle politiche sociali del comune di Como e ministra per la famiglia nel governo Conte I. La si ricorda solo per atti indecenti o insulsi: per dire, quando strapp\u00f2 la coperta a un clochard scacciandolo dal suo giaciglio e incalzando gli altri che dormivano per strada con un&#8217;idropulitrice; quando chiese a tutti gli amministratori della Lega di rimuovere dagli uffici pubblici la foto del Presidente della Repubblica Sergio Mattarella.<\/p>\n\n\n\n<figure class=\"wp-block-image size-large\"><img loading=\"lazy\" decoding=\"async\" width=\"633\" height=\"313\" src=\"http:\/\/www.trivigante.it\/cose\/wp-content\/uploads\/2021\/01\/210112.Locatelli.jpg\" alt=\"\" class=\"wp-image-17679\" srcset=\"https:\/\/www.trivigante.it\/cose\/wp-content\/uploads\/2021\/01\/210112.Locatelli.jpg 633w, https:\/\/www.trivigante.it\/cose\/wp-content\/uploads\/2021\/01\/210112.Locatelli-615x304.jpg 615w\" sizes=\"auto, (max-width: 633px) 100vw, 633px\" \/><\/figure>\n\n\n\n<p>Per carit\u00e0, non che in altre regioni leghiste vada meglio, con per esempio tal Donazzan, assessora all\u2019Istruzione della Regione Veneto per Fratelli d\u2019Italia, che l&#8217;altro giorno ha la bella idea di intonare \u00abFaccetta nera\u00bb in quella trasmissione per idioti che \u00e8 <em>La Zanzara<\/em>. Mala tempora.<\/p>\n\n\n\n<p>Raramente, dunque, dai rimpasti ne escono gemme, solitamente subentrano le seconde file o personaggi interessati ad altro. Ambo.<\/p>\n","protected":false},"excerpt":{"rendered":"<p>Bel rimpastone nella giunta della Regione Lombardia e tutti contenti, come nulla fosse, a sorridere e mostrare ottimismo, celando lo sfacelo sotto il tappeto bello. L&#8217;assessore al welfare con delega alla sanit\u00e0 lombarda, lo sciagurato Gallera, viene silurato &#8211; sempre troppo tardi &#8211; adducendo la scusa che sia &#8220;stanco&#8221;. Non sembrava, quando correva impippandosene delle [&hellip;]<\/p>\n","protected":false},"author":4,"featured_media":0,"comment_status":"open","ping_status":"closed","sticky":false,"template":"","format":"standard","meta":{"footnotes":""},"categories":[10],"tags":[],"class_list":["post-17666","post","type-post","status-publish","format-standard","hentry","category-nemici"],"_links":{"self":[{"href":"https:\/\/www.trivigante.it\/cose\/index.php?rest_route=\/wp\/v2\/posts\/17666","targetHints":{"allow":["GET"]}}],"collection":[{"href":"https:\/\/www.trivigante.it\/cose\/index.php?rest_route=\/wp\/v2\/posts"}],"about":[{"href":"https:\/\/www.trivigante.it\/cose\/index.php?rest_route=\/wp\/v2\/types\/post"}],"author":[{"embeddable":true,"href":"https:\/\/www.trivigante.it\/cose\/index.php?rest_route=\/wp\/v2\/users\/4"}],"replies":[{"embeddable":true,"href":"https:\/\/www.trivigante.it\/cose\/index.php?rest_route=%2Fwp%2Fv2%2Fcomments&post=17666"}],"version-history":[{"count":18,"href":"https:\/\/www.trivigante.it\/cose\/index.php?rest_route=\/wp\/v2\/posts\/17666\/revisions"}],"predecessor-version":[{"id":17687,"href":"https:\/\/www.trivigante.it\/cose\/index.php?rest_route=\/wp\/v2\/posts\/17666\/revisions\/17687"}],"wp:attachment":[{"href":"https:\/\/www.trivigante.it\/cose\/index.php?rest_route=%2Fwp%2Fv2%2Fmedia&parent=17666"}],"wp:term":[{"taxonomy":"category","embeddable":true,"href":"https:\/\/www.trivigante.it\/cose\/index.php?rest_route=%2Fwp%2Fv2%2Fcategories&post=17666"},{"taxonomy":"post_tag","embeddable":true,"href":"https:\/\/www.trivigante.it\/cose\/index.php?rest_route=%2Fwp%2Fv2%2Ftags&post=17666"}],"curies":[{"name":"wp","href":"https:\/\/api.w.org\/{rel}","templated":true}]}}