{"id":17343,"date":"2020-12-30T21:18:09","date_gmt":"2020-12-30T20:18:09","guid":{"rendered":"http:\/\/www.trivigante.it\/cose\/?p=17343"},"modified":"2024-02-09T20:43:35","modified_gmt":"2024-02-09T19:43:35","slug":"minidiario-scritto-un-po-cosi-delle-cose-recidive-ovvero-perseverare-nella-pandemia-dicembre-fatti-imprevedibili-che-mandano-a-monte-un-piano-ben-oliato-novecentotrentamilioni-di-tedeschi","status":"publish","type":"post","link":"https:\/\/www.trivigante.it\/cose\/?p=17343","title":{"rendered":"minidiario scritto un po\u2019 cos\u00ec delle cose recidive, ovvero perseverare nella pandemia: dicembre, fatti imprevedibili che mandano a monte un piano ben oliato, novecentotrentamilioni di tedeschi, c&#8217;\u00e8 alla porta il Signor Lamorte"},"content":{"rendered":"\n<p>Ed \u00e8 poi arrivato il 27 dicembre, il giorno europeo della vaccinazione. In Germania vaccinata una signora di centoun anni o gi\u00f9 di l\u00ec, in Spagna un altrettanto matusalemme, in Italia una giovane operatrice sanitaria. Son scelte. Non male la coreografia del furgoncino con le prime dosi del vaccino &#8211; poco meno di diecimila &#8211; che valica il Brennero innevato con la scorta dei carabinieri per arrivare allo Spallanzani di Roma. Da l\u00ec, poi, alla base militare di Pratica di mare e ai principali ospedali selezionati. Poi volano i numeri: un milione di vaccini al mese, no, quattrocentomila a settimana, no, tutti vaccinati per settembre, no, s\u00ec, boh. Ma i conti, si sa, vanno fatti con l&#8217;oste, che deve essere d&#8217;accordo: dopo tre giorni gi\u00e0 si parla di ritardi, in Italia, l&#8217;UE poco fa annuncia che non dar\u00e0 l&#8217;autorizzazione al vaccino Oxford-Astrazeneca prima di febbraio, proprio mentre la Gran Bretagna annuncia di averlo fatto, vedi le coincidenze, e questo fa sballare i gi\u00e0 precari conti. Domanda: su quale vaccino lo Stato italiano ha investito di pi\u00f9? Dai, non \u00e8 difficile. Esatto, Oxford-Astrazeneca. Quindi, tocca rifare i conti, correre ai ripari, riformulare i piani con una certezza: ci saranno dei ritardi su quanto programmato. Impossibile prevedere.<br>Altri numeri. Per il giorno della Grande Vaccinazione, all&#8217;Italia vengono date 9.750 dosi, alla Germania 151.125. Eh? Ma \u00e8 ovvio, spiega il commissario all&#8217;emergenza Domenico Arcuri, \u00able dosi sono in base alla popolazione\u00bb (e se metto il virgolettato vuol dire proprio quello, testuale). Che faccio? Mi felicito con i novecentotrentamilioni di tedeschi? Poi salta fuori pure che proprio la Germania ha acquistato privatamente, cio\u00e8 al di fuori degli accordi presi dall&#8217;UE per tutti gli Stati membri, oltre trenta milioni di dosi. Il che non va per niente bene, perch\u00e9 o le cose si fanno insieme con accordi alla luce del sole, come l&#8217;Unione europea dovrebbe fare per statuto e regolamento, oppure ognun per s\u00e9. Cos\u00ec mica vale, stavolta male.<br>Nel frattempo il virus non sta fermo ma si ingegna per creare scompiglio: prima si scopre una variante inglese, <a rel=\"noreferrer noopener\" href=\"http:\/\/www.trivigante.it\/cose\/?p=17251\" target=\"_blank\">vedi penultimo minidiario<\/a>, poi ne salta fuori una sudafricana (neocolonialismo?), poi \u00e8 una gara a chi ne ha di pi\u00f9 e a chi le ha avute prima. Un medico di Brescia sostiene che la variante inglese invece derivi da una bresciana, nota fin da agosto. Ma certo. Quindi stronzi gli inglesi per non aver detto nulla per tre mesi della loro variante e noi no, bravi e ammirevoli perch\u00e9 quella originale \u00e8 la nostra. D&#8217;accordo, capisco perfettamente.<\/p>\n\n\n\n<figure class=\"wp-block-image size-large\"><img loading=\"lazy\" decoding=\"async\" width=\"808\" height=\"960\" src=\"http:\/\/www.trivigante.it\/cose\/wp-content\/uploads\/2020\/12\/201229.crudelevaccino.jpg\" alt=\"\" class=\"wp-image-17345\" srcset=\"https:\/\/www.trivigante.it\/cose\/wp-content\/uploads\/2020\/12\/201229.crudelevaccino.jpg 808w, https:\/\/www.trivigante.it\/cose\/wp-content\/uploads\/2020\/12\/201229.crudelevaccino-253x300.jpg 253w, https:\/\/www.trivigante.it\/cose\/wp-content\/uploads\/2020\/12\/201229.crudelevaccino-768x912.jpg 768w\" sizes=\"auto, (max-width: 808px) 100vw, 808px\" \/><\/figure>\n\n\n\n<p>Nel frattempo, io ho fatto l&#8217;ennesimo tampone. Poich\u00e9 ogni volta che si \u00e8 parlato di &#8216;asintomatici&#8217; io mi sono figurato me stesso, ho preso la decisione di fare un tampone ogni mese, mese e mezzo, cos\u00ec da avere un&#8217;idea ragionevole del mio stato di contagio o meno. Vezzo costoso, devo dire, e che presenta almeno un aspetto particolarmente curioso: il referto dell&#8217;esame viene comunicato solamente a me e non alle autorit\u00e0 sanitarie. Infatti, non risulta nel mio fascicolo sanitario regionale. Certo, io l&#8217;esame l&#8217;ho fatto privatamente, chiaro, ma non vedo un solo motivo utile per cui non ne sia reso pubblico, cio\u00e8 comunicato all&#8217;ente pubblico, l&#8217;esito. D&#8217;accordo che si \u00e8 rinunciato a qualsiasi velleit\u00e0 di tracciamento da mesi, purtroppo, trovo tuttavia che cos\u00ec sia davvero un po&#8217; troppo: io avrei potuto essere positivo (parlo in teoria, eh, chiedo per un amico) e tenermi la cosa per me, procedendo con le mie cose esattamente come prima. Sar\u00f2 l&#8217;unico ad averla pensata cos\u00ec? Mi parrebbe strano.<br>Ora devo tornare ai numeri. Purtroppo. Ogni giorno vengono comunicate valanghe di numeri, il Ministero stesso condivide ogni sera una tabella con i dati del giorno in molte colonne. Non \u00e8 un problema di oggi, \u00e8 un problema da quasi un anno, secondo me. Io vorrei sintesi e pareri autorevoli, intendo di una e una sola voce qualificata e non di virologi, governatori, chiacchieroni a caso, un commento chiaro e fermo sulla situazione e l&#8217;andamento del giorno. Cos\u00ec non accade, arrivano numeri e poi ogni statistico da pianerottolo \u00e8 libero di dire la propria (eccomi). Tre tipologie di numeri sulle quali mi interrogo. La prima: il numero dei contagiati. \u00c8 quasi sempre attorno ai quindicimila-ventimila al giorno e, se non erro di memoria, questi erano numeri che due mesi fa ci destavano grandissima preoccupazione. Ora no, molti commentano che la curva sta scendendo e che ci sia da ben sperare. Piuttosto, se c&#8217;\u00e8 una curva che sta sicuramente scendendo \u00e8 quella del numero dei tamponi, che sono sensibilmente meno che qualche tempo fa. Non so perch\u00e9 accada questo ma \u00e8 un dato ormai percepito da chiunque, beh, certo, ma adesso ne fanno molti meno, s\u00ec, certo. Ma perch\u00e9? Il terzo dato, e bisogna immediatamente andare oltre i numeri e pensare alla realt\u00e0, \u00e8 che i morti sono tantissimi. Ieri 659, oggi 575. Ma la cosa non \u00e8 messa in risalto in nessun modo, oso dire che \u00e8 proprio messa da parte, non ne parla quasi nessuno. Eppure i cimiteri, le camere mortuarie, i forni crematori, i depositi sono pieni come e pi\u00f9 di marzo e aprile, chi ha voglia di rendersi conto di quale sia la situazione lo pu\u00f2 fare facilmente, eppure non se ne parla. Come se nella cosiddetta &#8216;seconda ondata&#8217; i morti non ci fossero. Eppure, da febbraio al 31 agosto (sette mesi), i morti sono stati 35.491. Da settembre a natale (quattro mesi), 36.190. Ben di pi\u00f9.<br>Chi si \u00e8 preso la briga di raccontare le cose, e sono pochi giornalisti, descrive situazioni al margine della sostenibilit\u00e0, bare ammucchiate nei depositi o lasciate negli sgabuzzini, sepolture frettolose e ravvicinate, sepolture temporanee in attesa di tempi migliori. Dice <a rel=\"noreferrer noopener\" href=\"https:\/\/www.istat.it\/it\/files\/\/2020\/12\/Rapp_Istat_Iss.pdf\" target=\"_blank\">il report Istat<\/a> al riguardo: \u00abIn molte regioni del Nord l\u2019eccesso di mortalit\u00e0 totale del mese di novembre supera quello del picco di marzo-aprile\u00bb ma non c&#8217;\u00e8 preoccupazione, non c&#8217;\u00e8 movimento, non c&#8217;\u00e8 pausa, non c&#8217;\u00e8 riflessione.<\/p>\n\n\n\n<div class=\"wp-block-image\"><figure class=\"aligncenter size-large\"><img loading=\"lazy\" decoding=\"async\" width=\"720\" height=\"480\" src=\"http:\/\/www.trivigante.it\/cose\/wp-content\/uploads\/2020\/12\/201219.musocco02.jpg\" alt=\"\" class=\"wp-image-17365\" srcset=\"https:\/\/www.trivigante.it\/cose\/wp-content\/uploads\/2020\/12\/201219.musocco02.jpg 720w, https:\/\/www.trivigante.it\/cose\/wp-content\/uploads\/2020\/12\/201219.musocco02-300x200.jpg 300w\" sizes=\"auto, (max-width: 720px) 100vw, 720px\" \/><figcaption>Il cimitero di Musocco a Milano, foto Radio popolare.<\/figcaption><\/figure><\/div>\n\n\n\n<p>I morti sono morti e sono una questione personale, della famiglia, dei parenti, di coloro che sono segnati dalla perdita. Degli amministratori, che devono gestire la situazione, degli operatori funebri e di pochi altri. Sono un numero riportato quotidianamente come si riporta una temperatura, una larghezza, un fatturato, tutti numeri che hanno un rapporto abbastanza privo di conseguenze sulla realt\u00e0. Perch\u00e9 accade questo? Forse ci siamo stufati? Forse ci siamo, peggio, abituati?<br>Non siamo dei cattivoni insensibili, non credo, almeno non tutti. Di certo bisogna, collettivamente, sopravvivere, bisogna riprendere sprazzi di vita normale, senza dubbio, molti sono i fattori che di certo ci portano a ignorare la situazione attuale, non tutti forse deprecabili. La morte \u00e8 un fatto che, culturalmente, in effetti tendiamo a ignorare da ben prima della pandemia e a ricordarcene quando riguarda qualcuno a noi vicino, spesso facendone una tragedia incommensurabile rispetto al diffuso disinteresse di prima. Per\u00f2 bisognerebbe ricordarsene, in generale, magari ancor pi\u00f9 oggi per riuscire a valutare il pericolo reale e a dare il giusto peso ai rischi che corriamo durante il giorno, penso sarebbe necessario almeno in chiave utilitaristica. Anche se, non ultimo, bisognerebbe parlarne per condividere, per partecipare, per farsi carico almeno un poco del dolore che affligge migliaia di noi, ogni giorno, e per mantenere viva la nostra umanit\u00e0 di fronte ai nostri simili, cos\u00ec vicini e cos\u00ec uguali.<\/p>\n\n\n\n<hr class=\"wp-block-separator\"\/>\n\n\n\n<p><a rel=\"noreferrer noopener\" href=\"http:\/\/www.trivigante.it\/cose\/?page_id=16003#minidiario\" target=\"_blank\">Le altre puntate del minidiario<\/a> scritto un po\u2019 cos\u00ec delle cose recidive:<br><a rel=\"noreferrer noopener\" href=\"http:\/\/www.trivigante.it\/cose\/?p=15977\" target=\"_blank\">26 ottobre<\/a> | <a rel=\"noreferrer noopener\" href=\"http:\/\/www.trivigante.it\/cose\/?p=16046\" target=\"_blank\">27 ottobre<\/a> | <a rel=\"noreferrer noopener\" href=\"http:\/\/www.trivigante.it\/cose\/?p=16091\" target=\"_blank\">29 ottobre<\/a> | <a rel=\"noreferrer noopener\" href=\"http:\/\/www.trivigante.it\/cose\/?p=16138\" target=\"_blank\">1 novembre<\/a> | <a rel=\"noreferrer noopener\" href=\"http:\/\/www.trivigante.it\/cose\/?p=16191\" target=\"_blank\">3 novembre<\/a> | <a rel=\"noreferrer noopener\" href=\"http:\/\/www.trivigante.it\/cose\/?p=16217\" target=\"_blank\">4 novembre<\/a> | <a rel=\"noreferrer noopener\" href=\"http:\/\/www.trivigante.it\/cose\/?p=16249\" target=\"_blank\">6 novembre<\/a> | <a rel=\"noreferrer noopener\" href=\"http:\/\/www.trivigante.it\/cose\/?p=16284\" target=\"_blank\">8 novembre<\/a> | <a rel=\"noreferrer noopener\" href=\"http:\/\/www.trivigante.it\/cose\/?p=16418\" target=\"_blank\">11 novembre<\/a> | <a rel=\"noreferrer noopener\" href=\"http:\/\/www.trivigante.it\/cose\/?p=16477\" target=\"_blank\">14 novembre<\/a> | <a rel=\"noreferrer noopener\" href=\"http:\/\/www.trivigante.it\/cose\/?p=16547\" target=\"_blank\">18 novembre<\/a> | <a rel=\"noreferrer noopener\" href=\"http:\/\/www.trivigante.it\/cose\/?p=16595\" target=\"_blank\">21 novembre<\/a> | <a rel=\"noreferrer noopener\" href=\"http:\/\/www.trivigante.it\/cose\/?p=16664\" target=\"_blank\">25 novembre<\/a> | <a rel=\"noreferrer noopener\" href=\"http:\/\/www.trivigante.it\/cose\/?p=16690\" target=\"_blank\">30 novembre<\/a> | <a rel=\"noreferrer noopener\" href=\"http:\/\/www.trivigante.it\/cose\/?p=16795\" target=\"_blank\">4 dicembre<\/a> | <a rel=\"noreferrer noopener\" href=\"http:\/\/www.trivigante.it\/cose\/?p=16866\" target=\"_blank\">8 dicembre<\/a> | <a rel=\"noreferrer noopener\" href=\"http:\/\/www.trivigante.it\/cose\/?p=16966\" target=\"_blank\">12 dicembre<\/a> | <a rel=\"noreferrer noopener\" href=\"http:\/\/www.trivigante.it\/cose\/?p=17092\" target=\"_blank\">19 dicembre<\/a> | <a rel=\"noreferrer noopener\" href=\"http:\/\/www.trivigante.it\/cose\/?p=17251\" target=\"_blank\">23 dicembre<\/a> | <a href=\"http:\/\/www.trivigante.it\/cose\/?p=17343\" target=\"_blank\" rel=\"noreferrer noopener\">30 dicembre<\/a> |<\/p>\n\n\n\n<hr class=\"wp-block-separator\"\/>\n\n\n\n<p class=\"has-text-align-center\"><a href=\"http:\/\/www.trivigante.it\/cose\/?page_id=16003\" target=\"_blank\" rel=\"noreferrer noopener\">Tutti gli indici<\/a><\/p>\n","protected":false},"excerpt":{"rendered":"<p>Ed \u00e8 poi arrivato il 27 dicembre, il giorno europeo della vaccinazione. In Germania vaccinata una signora di centoun anni o gi\u00f9 di l\u00ec, in Spagna un altrettanto matusalemme, in Italia una giovane operatrice sanitaria. Son scelte. Non male la coreografia del furgoncino con le prime dosi del vaccino &#8211; poco meno di diecimila &#8211; [&hellip;]<\/p>\n","protected":false},"author":4,"featured_media":0,"comment_status":"open","ping_status":"closed","sticky":false,"template":"","format":"standard","meta":{"footnotes":""},"categories":[5],"tags":[],"class_list":["post-17343","post","type-post","status-publish","format-standard","hentry","category-trivigantismi"],"_links":{"self":[{"href":"https:\/\/www.trivigante.it\/cose\/index.php?rest_route=\/wp\/v2\/posts\/17343","targetHints":{"allow":["GET"]}}],"collection":[{"href":"https:\/\/www.trivigante.it\/cose\/index.php?rest_route=\/wp\/v2\/posts"}],"about":[{"href":"https:\/\/www.trivigante.it\/cose\/index.php?rest_route=\/wp\/v2\/types\/post"}],"author":[{"embeddable":true,"href":"https:\/\/www.trivigante.it\/cose\/index.php?rest_route=\/wp\/v2\/users\/4"}],"replies":[{"embeddable":true,"href":"https:\/\/www.trivigante.it\/cose\/index.php?rest_route=%2Fwp%2Fv2%2Fcomments&post=17343"}],"version-history":[{"count":45,"href":"https:\/\/www.trivigante.it\/cose\/index.php?rest_route=\/wp\/v2\/posts\/17343\/revisions"}],"predecessor-version":[{"id":17449,"href":"https:\/\/www.trivigante.it\/cose\/index.php?rest_route=\/wp\/v2\/posts\/17343\/revisions\/17449"}],"wp:attachment":[{"href":"https:\/\/www.trivigante.it\/cose\/index.php?rest_route=%2Fwp%2Fv2%2Fmedia&parent=17343"}],"wp:term":[{"taxonomy":"category","embeddable":true,"href":"https:\/\/www.trivigante.it\/cose\/index.php?rest_route=%2Fwp%2Fv2%2Fcategories&post=17343"},{"taxonomy":"post_tag","embeddable":true,"href":"https:\/\/www.trivigante.it\/cose\/index.php?rest_route=%2Fwp%2Fv2%2Ftags&post=17343"}],"curies":[{"name":"wp","href":"https:\/\/api.w.org\/{rel}","templated":true}]}}