{"id":17092,"date":"2020-12-19T20:57:37","date_gmt":"2020-12-19T19:57:37","guid":{"rendered":"http:\/\/www.trivigante.it\/cose\/?p=17092"},"modified":"2024-02-09T20:43:36","modified_gmt":"2024-02-09T19:43:36","slug":"minidiario-scritto-un-po-cosi-delle-cose-recidive-ovvero-perseverare-nella-pandemia-dicembre-sfoglia-i-colori-del-giorno-dieci-anni-di-vaccinazioni-essere-i-migliori-ogni-tanto","status":"publish","type":"post","link":"https:\/\/www.trivigante.it\/cose\/?p=17092","title":{"rendered":"minidiario scritto un po\u2019 cos\u00ec delle cose recidive, ovvero perseverare nella pandemia: dicembre, sfoglia i colori del giorno, dieci anni di vaccinazioni, essere i migliori ogni tanto"},"content":{"rendered":"\n<p>Ed ecco il DPCM delle feste di natale e capodanno. Secondo la catalogazione in uso nelle regioni, saranno giorni gialli fino al 23, poi rossi 24, 25, 26 e 27, poi tre giorni arancioni, poi di nuovo rossi dal 31 al 3, poi un giorno solo arancione, il 4, poi due rossi fino all&#8217;epifania e poi chi vivr\u00e0 vedr\u00e0. Sar\u00e0 permesso ricevere a casa due persone non conviventi per natale e i ragazzi sotto i quattordici non fanno numero, ci si potr\u00e0 spostare dal proprio comune a un comune confinante ma solo se entrambi sono sotto i cinquemila abit&#8230; ecco, a questo punto il mio spirito collaborativo \u00e8 gi\u00e0 andato a farsi friggere. Eh no, cos\u00ec non va, ancora una volta ci vorrebbero patti chiari cos\u00ec che sia chiaro a tutti cosa fare e cosa no. E invece gente che parte per destinazioni esotiche, gente che si riunisce a <em>go-go<\/em>, gente che si assembra nei centri commerciali e nelle vie dello <em>shopping<\/em>, gente che fa cene, che parte, che torna. Perch\u00e9 se il principio \u00e8 quello del \u00abteniamo i negozi aperti ma \u00e8 meglio se non ci andate\u00bb, allora lasciamo perdere. Il governo dichiara lo schieramento di forze ingenti a controllo di vie, stazioni, strade e luoghi di assembramento, facendo un po&#8217; di terrorismo preventivo, ma se \u00abdal 21 dicembre 2020 al 6 gennaio 2021 \u00e8 vietato, nell\u2019ambito del territorio nazionale, ogni spostamento in entrata e in uscita tra i territori di diverse regioni o province autonome\u00bb e \u00ab\u00e8 comunque consentito il rientro alla propria residenza, domicilio o abitazione\u00bb, significa che nella seconda casa nella stessa regione ci si pu\u00f2 andare, idem a casa di amici, e tornare quando si vuole o quasi, escluse \u00able giornate del 25 e 26 dicembre 2020 e del 1\u00b0gennaio 2021\u00bb. E quindi? A Londra e a Berlino, intendo i paesi per estensione, chiudono tutto, ma proprio tutto, non tralasciando di usare toni piuttosto catastrofici, poche norme molto restrittive, tutto \u00e8 chiaro. E talvolta hanno dati di contagio e decessi migliori dei nostri. E, sacrilegio!, buona notte al natale. Ma ovvio, quelli son pagani, figuriamoci che senso del sacro hanno, quelle bestie, che quando noi s&#8217;ammazzava un Giuliocesare loro andavan vestiti di pellidipecora. O forse \u00e8 solo a vederli da fuori ma temo di no.<br>Ricordo, con voluta <em>vis polemica<\/em>, che i musei sono ancora chiusi e che lo saranno per decreto almeno fino a met\u00e0 gennaio. Anche quelli all&#8217;aperto. Quindi io il mio desiderio di cultura lo devo sfogare in un centro commerciale i giorni non festivi, benissimo. Grazie. Le biblioteche hanno riaperto da pochissimo (e durer\u00e0 poco).<\/p>\n\n\n\n<figure class=\"wp-block-image size-large\"><img loading=\"lazy\" decoding=\"async\" width=\"750\" height=\"704\" src=\"http:\/\/www.trivigante.it\/cose\/wp-content\/uploads\/2020\/12\/201209.presepe.22.jpg\" alt=\"\" class=\"wp-image-17101\" srcset=\"https:\/\/www.trivigante.it\/cose\/wp-content\/uploads\/2020\/12\/201209.presepe.22.jpg 750w, https:\/\/www.trivigante.it\/cose\/wp-content\/uploads\/2020\/12\/201209.presepe.22-300x282.jpg 300w\" sizes=\"auto, (max-width: 750px) 100vw, 750px\" \/><\/figure>\n\n\n\n<p>Come avevo preannunciato una settimana fa nell&#8217;ultimo minidiario, essendo possibile farlo, ho fatto la trottola &#8211; poco lavoro permettendo &#8211; tra luoghi non contigui: i colli Berici, l&#8217;appennino piacentino, il lodigiano, la pedemontana e la val d&#8217;Astico nel vicentino. Ho viaggiato in sicurezza, interagito poco o punto con gli indigeni, non ho comprato <em>souvenirs<\/em>, non ho alloggiato da altrui, ho mangiato qualcosa qua e l\u00e0. Tutto lecito, forse un po&#8217; deboline le motivazioni agli occhi dei custodi del fuoco della legge, in effetti. Tolta la voglia? Macch\u00e9, anzi, torno s\u00ec contento ma le braci che ero riuscito a sopire sotto la cenere in questo mese e mezzo ora si fanno sentire, se mi proponessero un giro attorno al mondo al costo di cento frustate nella pubblica piazza del paese e la <em>damnatio memoriae<\/em>, giuro che ci penserei serissimamente.<br>Vaccinazioni. Pare che il 27 sar\u00e0 la giornata europea della vaccinazione e si comincer\u00e0 a vaccinare qualche operatore sanitario qua e l\u00e0, si vocifera di un&#8217;infermiera veneta, chiss\u00e0. Io partirei dalla persona pi\u00f9 vecchia d&#8217;Europa, magari un contadino uralo residente nei Sudeti di centotrenta anni, immortale gi\u00e0 di suo, con fanfare e squilli giornalistici, ma capisco che potrebbe essere scelta incauta. Il complesso organizzativo, poi, non \u00e8 affatto banale: essendo che tutti i paesi in grado di pagare hanno stretto accordi con molte aziende produttrici di vaccini &#8211; dato che nessuna sar\u00e0 in grado di coprire da sola il fabbisogno e la scommessa su una sola sarebbe stata cosa improvvida &#8211; ne arriveranno a rate, in formati e quantit\u00e0 diverse; si comincer\u00e0 con gli operatori sanitari, i matusalemmi, coloro che hanno altre patologie toste, le persone essenziali al paese, per poi scendere nelle graduatorie; per complicare le cose, ciascuno dovr\u00e0 fare un richiamo dopo tre settimane e sarebbe preferibile farlo con lo stesso vaccino della prima iniezione, immagino. Se queste sono le regole, vista l&#8217;importanza, io mi aspetto di essere vaccinato tra otto anni.<br>Una battuta? Non tanto, in realt\u00e0, per quel che ne so ora. Stando a una dichiarazione di ieri del direttore generale dell&#8217;Aifa saranno effettuate un milione e centomila iniezioni dal mese da gennaio. D&#8217;accordo, e cos\u00ec siamo a cinque anni per vaccinare tutto il paese. Ma se \u00e8 necessario fare i richiami, a parte il primo mese dal secondo bisogna dimezzare le quantit\u00e0 e, quindi, si va a dieci anni di tempo, entro il 2030 saremo tutti adulti e vaccinati. Certo, ovvio che fatta la prima tornata di \u00aboperatori sanitari, matusalemmi, coloro con altre patologie toste, persone essenziali\u00bb saremo gi\u00e0 a buon punto e la pandemia avr\u00e0 tutt&#8217;altro corso ma, insomma, io dalla mia cameretta dell&#8217;Ignoranza pontifico che bisognerebbe farne di pi\u00f9 ogni mese.<br>Che poi&#8230; i vaccini han senso se li si fa quasi tutti, no? E quel \u00abtutti\u00bb va dal minimo di casa mia, il mio quartiere, la mia citt\u00e0, la mia regione al massimo del paese, del continente, no? Gli \u00e8 per\u00f2 che i paesi con capacit\u00e0 di spesa si sono accaparrati il 53% delle dosi dei vaccini in produzione da ora a tutto il prossimo anno e questi stessi paesi ospitano, complessivamente, il 14% della popolazione mondiale. Tornano, i conti? Non molto. Tutti gli altri, quindi, si mettano dietro e aspettino, arriver\u00e0 il loro momento quando noi saremo tutti vaccinati. Non andr\u00f2 in Africa l&#8217;anno prossimo, pensa il presidente di Confindustria del Molise e si rimbocca tranquillo le coperte. Ma caro il mio pistola, lasciare che permangano ampie zone senza vaccinazione significa &#8211; oltre ai morti! &#8211; permettere al virus di prosperare e, soprattutto, mutare, cos\u00ec da poi mettere in crisi tutta la faccenda di ritorno. Anche in Molise. \u00c8 il significato profondo che \u00e8 insito nell&#8217;aggettivo \u00abcollettivo\u00bb, non comprensibile a tutti nonostante riguardi tutti. Il problema \u00e8 collettivo, va risolto collettivamente, dobbiamo curare anche il Molise se vogliamo essere tutti al sicuro. \u00c8 la differenza tra farsi davvero carico di un problema e pensare di risolvere il proprio, di problema, avendo la testa miope. Per fortuna, i migliori tra noi hanno l&#8217;ammirevole abitudine di farsi carico dei problemi, collettivamente. Ma non possono mica essere sempre gli stessi i migliori, no? Toccher\u00e0 un po&#8217; anche agli altri o no? Un po&#8217; a turno, a seconda?<\/p>\n\n\n\n<hr class=\"wp-block-separator\"\/>\n\n\n\n<p><a rel=\"noreferrer noopener\" href=\"http:\/\/www.trivigante.it\/cose\/?page_id=16003#minidiario\" target=\"_blank\">Le altre puntate del minidiario<\/a> scritto un po\u2019 cos\u00ec delle cose recidive:<br><a rel=\"noreferrer noopener\" href=\"http:\/\/www.trivigante.it\/cose\/?p=15977\" target=\"_blank\">26 ottobre<\/a> | <a rel=\"noreferrer noopener\" href=\"http:\/\/www.trivigante.it\/cose\/?p=16046\" target=\"_blank\">27 ottobre<\/a> | <a rel=\"noreferrer noopener\" href=\"http:\/\/www.trivigante.it\/cose\/?p=16091\" target=\"_blank\">29 ottobre<\/a> | <a rel=\"noreferrer noopener\" href=\"http:\/\/www.trivigante.it\/cose\/?p=16138\" target=\"_blank\">1 novembre<\/a> | <a rel=\"noreferrer noopener\" href=\"http:\/\/www.trivigante.it\/cose\/?p=16191\" target=\"_blank\">3 novembre<\/a> | <a rel=\"noreferrer noopener\" href=\"http:\/\/www.trivigante.it\/cose\/?p=16217\" target=\"_blank\">4 novembre<\/a> | <a rel=\"noreferrer noopener\" href=\"http:\/\/www.trivigante.it\/cose\/?p=16249\" target=\"_blank\">6 novembre<\/a> | <a rel=\"noreferrer noopener\" href=\"http:\/\/www.trivigante.it\/cose\/?p=16284\" target=\"_blank\">8 novembre<\/a> | <a rel=\"noreferrer noopener\" href=\"http:\/\/www.trivigante.it\/cose\/?p=16418\" target=\"_blank\">11 novembre<\/a> | <a rel=\"noreferrer noopener\" href=\"http:\/\/www.trivigante.it\/cose\/?p=16477\" target=\"_blank\">14 novembre<\/a> | <a rel=\"noreferrer noopener\" href=\"http:\/\/www.trivigante.it\/cose\/?p=16547\" target=\"_blank\">18 novembre<\/a> | <a rel=\"noreferrer noopener\" href=\"http:\/\/www.trivigante.it\/cose\/?p=16595\" target=\"_blank\">21 novembre<\/a> | <a rel=\"noreferrer noopener\" href=\"http:\/\/www.trivigante.it\/cose\/?p=16664\" target=\"_blank\">25 novembre<\/a> | <a rel=\"noreferrer noopener\" href=\"http:\/\/www.trivigante.it\/cose\/?p=16690\" target=\"_blank\">30 novembre<\/a> | <a rel=\"noreferrer noopener\" href=\"http:\/\/www.trivigante.it\/cose\/?p=16795\" target=\"_blank\">4 dicembre<\/a> | <a rel=\"noreferrer noopener\" href=\"http:\/\/www.trivigante.it\/cose\/?p=16866\" target=\"_blank\">8 dicembre<\/a> | <a rel=\"noreferrer noopener\" href=\"http:\/\/www.trivigante.it\/cose\/?p=16966\" target=\"_blank\">12 dicembre<\/a> | <a href=\"http:\/\/www.trivigante.it\/cose\/?p=17092\" target=\"_blank\" rel=\"noreferrer noopener\">19 dicembre<\/a> |<\/p>\n\n\n\n<hr class=\"wp-block-separator\"\/>\n\n\n\n<p class=\"has-text-align-center\"><a href=\"http:\/\/www.trivigante.it\/cose\/?page_id=16003\" target=\"_blank\" rel=\"noreferrer noopener\">Tutti gli indici<\/a><\/p>\n","protected":false},"excerpt":{"rendered":"<p>Ed ecco il DPCM delle feste di natale e capodanno. Secondo la catalogazione in uso nelle regioni, saranno giorni gialli fino al 23, poi rossi 24, 25, 26 e 27, poi tre giorni arancioni, poi di nuovo rossi dal 31 al 3, poi un giorno solo arancione, il 4, poi due rossi fino all&#8217;epifania e [&hellip;]<\/p>\n","protected":false},"author":4,"featured_media":0,"comment_status":"open","ping_status":"closed","sticky":false,"template":"","format":"standard","meta":{"footnotes":""},"categories":[5],"tags":[],"class_list":["post-17092","post","type-post","status-publish","format-standard","hentry","category-trivigantismi"],"_links":{"self":[{"href":"https:\/\/www.trivigante.it\/cose\/index.php?rest_route=\/wp\/v2\/posts\/17092","targetHints":{"allow":["GET"]}}],"collection":[{"href":"https:\/\/www.trivigante.it\/cose\/index.php?rest_route=\/wp\/v2\/posts"}],"about":[{"href":"https:\/\/www.trivigante.it\/cose\/index.php?rest_route=\/wp\/v2\/types\/post"}],"author":[{"embeddable":true,"href":"https:\/\/www.trivigante.it\/cose\/index.php?rest_route=\/wp\/v2\/users\/4"}],"replies":[{"embeddable":true,"href":"https:\/\/www.trivigante.it\/cose\/index.php?rest_route=%2Fwp%2Fv2%2Fcomments&post=17092"}],"version-history":[{"count":44,"href":"https:\/\/www.trivigante.it\/cose\/index.php?rest_route=\/wp\/v2\/posts\/17092\/revisions"}],"predecessor-version":[{"id":17231,"href":"https:\/\/www.trivigante.it\/cose\/index.php?rest_route=\/wp\/v2\/posts\/17092\/revisions\/17231"}],"wp:attachment":[{"href":"https:\/\/www.trivigante.it\/cose\/index.php?rest_route=%2Fwp%2Fv2%2Fmedia&parent=17092"}],"wp:term":[{"taxonomy":"category","embeddable":true,"href":"https:\/\/www.trivigante.it\/cose\/index.php?rest_route=%2Fwp%2Fv2%2Fcategories&post=17092"},{"taxonomy":"post_tag","embeddable":true,"href":"https:\/\/www.trivigante.it\/cose\/index.php?rest_route=%2Fwp%2Fv2%2Ftags&post=17092"}],"curies":[{"name":"wp","href":"https:\/\/api.w.org\/{rel}","templated":true}]}}