{"id":16795,"date":"2020-12-04T18:42:51","date_gmt":"2020-12-04T17:42:51","guid":{"rendered":"http:\/\/www.trivigante.it\/cose\/?p=16795"},"modified":"2024-02-09T20:43:37","modified_gmt":"2024-02-09T19:43:37","slug":"minidiario-scritto-un-po-cosi-delle-cose-recidive-ovvero-perseverare-nella-pandemia-dicembre-il-dpcm-immuni-lordine-dei-vaccinandi","status":"publish","type":"post","link":"https:\/\/www.trivigante.it\/cose\/?p=16795","title":{"rendered":"minidiario scritto un po\u2019 cos\u00ec delle cose recidive, ovvero perseverare nella pandemia: dicembre, il dpcm, immuni, l&#8217;ordine dei vaccinandi"},"content":{"rendered":"\n<p>Quasi mille morti ieri, complessivamente ventiduemila in Lombardia dall&#8217;inizio della pandemia. E c&#8217;\u00e8 qualcuno che vorrebbe andare a sciare, qualcuno che vorrebbe fare i veglioni, qualcuno che vorrebbe la Lombardia gialla e cos\u00ec tutta Italia, qualcuno che vorrebbe fare le crociere. Fontana, il disgraziato presidente della Regione Lombardia, lo dichiara pure, ieri: prima sicuro, \u00abLombardia in zona gialla dall\u201911 dicembre\u00bb, poi nello stesso discorso, possibilista: \u00abDovremmo entrare in zona gialla l&#8217;11 dicembre\u00bb e poi amen, si perde via, tanto l&#8217;importante \u00e8 parlare. Siccome il DPCM di ieri sera \u00e8 di sostanziale chiusura, specie nei giorni di festa &#8211; e qui va reso merito: il governo Conte ha per fortuna tenuto la barra dritta &#8211; Fontana segnala che: \u00ababbiamo ribadito come questa scelta crei situazioni di difficolt\u00e0 per tanti cittadini, impossibilitati ad incontrare parenti, genitori anziani o nonni\u00bb. Esatto, Fontana, l&#8217;idea \u00e8 <em>esattamente <\/em>quella: impedirvi il pi\u00f9 possibile di riunirvi con le persone anziane e cos\u00ec sterminarle, visto che non avete ancora capito il concetto e non riuscite a farlo da soli.<br>Il bello \u00e8 che, stando al Censis, le misure restrittive al fine di contenere il contagio paiono incontrare il sostanziale favore della maggioranza degli italiani, nonostante vi sia una parte consistente dell&#8217;opinione pubblica (opposizione, presidenti di regione, giornali, siti, baristi, parrucchieri, opinionisti da strada) che preferisce, per ragioni non coincidenti, descrivere un paese diverso. E i risultati lo dimostrano, nel senso che dal momento della stretta i numeri dei contagi sono scesi sensibilmente, e la maggior parte delle persone si comporta responsabilmente. Chi non lo fa, e ci sono, per carit\u00e0, non capirebbe il concetto nemmeno a spiegarglielo faccia a faccia, e mi vien da pensare che siano gli stessi che non pagano le tasse, lamentandosi poi delle buche sulle strade e dei tempi di attesa nei pronto soccorso.<br>Il tempo dei vaccini si avvicina e molte cose importanti andranno fatte. Comunicare nel modo giusto, per esempio. Ovvero, per dirne una come suggeriscono gli scienziati, non dire che con il vaccino si risolver\u00e0 tutto. Cosa che Arcuri, commissario per l&#8217;emergenza, ovviamente ha fatto subito. Un&#8217;altra cosa, penso io, sar\u00e0 rassicurare la popolazione sulle verifiche fatte sui vaccini, cos\u00ec da garantirne la sicurezza e l&#8217;affidabilit\u00e0. Il governo inglese ha scelto altrimenti e ha aperto le vaccinazioni fin da ora, prima di chiunque altro, l&#8217;UE ha osservato che \u00e8 troppo presto e che non sono state rispettati i tempi necessari alle verifiche. Il che appare in contrasto, comunque, anche con il nostro governo che annuncia l&#8217;inizio della grande campagna di vaccinazione a gennaio. Se non lo \u00e8, in contrasto dico, allora bisognerebbe ancor pi\u00f9 comunicarlo con convinzione.<br>Due cose importanti che ho colto: perch\u00e9 l&#8217;operazione sia efficace, \u00e8 necessario che almeno il settanta per cento della popolazione sia vaccinata; secondo, saranno necessari vari richiami del vaccino, nel corso dei mesi. Quindi, serviranno molte dosi, varie per ciascuno, infatti in questi giorni si parla di duecento milioni di vaccini per l&#8217;Italia. Prima i bambini e gli anziani, sconti alla cassa per le donne e i militari. No, <em>mmm<\/em>, non era cos\u00ec: prima gli operatori sanitari, gli ultra-centocinquantenni, le persone essenziali per il paese (io no). Poi a scendere, fino alle ottave file, ai figli indiletti, agli inessenziali. Capaci che mi vaccineranno persino dopo qualche no-vax redento. Se va come per gli antinfluenzali, manco ci sar\u00e0 il vaccino per tutti.<\/p>\n\n\n\n<figure class=\"wp-block-image size-large is-resized\"><img decoding=\"async\" src=\"http:\/\/www.trivigante.it\/cose\/wp-content\/uploads\/2020\/12\/201201.glovo_.rit_.jpg\" alt=\"\" class=\"wp-image-16810\" width=\"615\" srcset=\"https:\/\/www.trivigante.it\/cose\/wp-content\/uploads\/2020\/12\/201201.glovo_.rit_.jpg 612w, https:\/\/www.trivigante.it\/cose\/wp-content\/uploads\/2020\/12\/201201.glovo_.rit_-234x300.jpg 234w\" sizes=\"(max-width: 612px) 100vw, 612px\" \/><\/figure>\n\n\n\n<p>E ora una questione: dato che il monitoraggio dei contagi \u00e8 palesemente sfumato in nulla, per manifesta incapacit\u00e0 (al secondo giorno, tra l&#8217;altro, non dopo anni e grandi sovraccarichi), che faccio di Immuni, l&#8217;app per il tracciamento dei contatti? Disinstallo? La prova provata dell&#8217;inutilit\u00e0 di Immuni \u00e8 stata quando il mio amico positivo mi ha avvertito, io mi sono messo in autoisolamento fiduciario, ho fatto il tampone, negativo, sono tornato alla vita, il mio amico \u00e8 tornato alla vita dopo qualche settimana, con tampone negativo, \u00e8 passato quasi un mese e mezzo e, indovina?, Immuni un beato nulla. <em>Nada<\/em>. <em>Nichts<\/em>. Disinstallare equivale ad abdicare al principio e, lo confesso, un po&#8217; mi scoccia.<\/p>\n\n\n\n<p>Infine, un suggerimento per il me medesimo del futuro a breve, quando legger\u00f2 queste notine: secondo parecchi eminenti studiosi, William Shakespeare scrisse, molto probabilmente, il <em>Re Lear <\/em>in quarantena, durante un picco di contagio di peste bubbonica. Non che tu debba scrivere il <em>Re Lear<\/em>, caro mio, non ne saresti certo in grado, ma almeno utilizza il tempo che questo strano tempo ti dar\u00e0 per fare qualcosa di creativo e, se possibile, con un qualche tipo di significato. Io, che sono il te del passato, te ne sar\u00f2 riconoscente.<\/p>\n\n\n\n<hr class=\"wp-block-separator\"\/>\n\n\n\n<p>Indice del minidiario scritto un po\u2019 cos\u00ec delle cose recidive:<br><a rel=\"noreferrer noopener\" href=\"http:\/\/www.trivigante.it\/cose\/?p=15977\" target=\"_blank\">26 ottobre<\/a> | <a rel=\"noreferrer noopener\" href=\"http:\/\/www.trivigante.it\/cose\/?p=16046\" target=\"_blank\">27 ottobre<\/a> | <a rel=\"noreferrer noopener\" href=\"http:\/\/www.trivigante.it\/cose\/?p=16091\" target=\"_blank\">29 ottobre<\/a> | <a rel=\"noreferrer noopener\" href=\"http:\/\/www.trivigante.it\/cose\/?p=16138\" target=\"_blank\">1 novembre<\/a> | <a rel=\"noreferrer noopener\" href=\"http:\/\/www.trivigante.it\/cose\/?p=16191\" target=\"_blank\">3 novembre<\/a> | <a rel=\"noreferrer noopener\" href=\"http:\/\/www.trivigante.it\/cose\/?p=16217\" target=\"_blank\">4 novembre<\/a> | <a rel=\"noreferrer noopener\" href=\"http:\/\/www.trivigante.it\/cose\/?p=16249\" target=\"_blank\">6 novembre<\/a> | <a rel=\"noreferrer noopener\" href=\"http:\/\/www.trivigante.it\/cose\/?p=16284\" target=\"_blank\">8 novembre<\/a> | <a rel=\"noreferrer noopener\" href=\"http:\/\/www.trivigante.it\/cose\/?p=16418\" target=\"_blank\">11 novembre<\/a> | <a rel=\"noreferrer noopener\" href=\"http:\/\/www.trivigante.it\/cose\/?p=16477\" target=\"_blank\">14 novembre<\/a> | <a rel=\"noreferrer noopener\" href=\"http:\/\/www.trivigante.it\/cose\/?p=16547\" target=\"_blank\">18 novembre<\/a> | <a rel=\"noreferrer noopener\" href=\"http:\/\/www.trivigante.it\/cose\/?p=16595\" target=\"_blank\">21 novembre<\/a> | <a rel=\"noreferrer noopener\" href=\"http:\/\/www.trivigante.it\/cose\/?p=16664\" target=\"_blank\">25 novembre<\/a> | <a rel=\"noreferrer noopener\" href=\"http:\/\/www.trivigante.it\/cose\/?p=16690\" target=\"_blank\">30 novembre<\/a> | <a href=\"http:\/\/www.trivigante.it\/cose\/?p=16795\" target=\"_blank\" rel=\"noreferrer noopener\">4 dicembre<\/a> |<\/p>\n","protected":false},"excerpt":{"rendered":"<p>Quasi mille morti ieri, complessivamente ventiduemila in Lombardia dall&#8217;inizio della pandemia. E c&#8217;\u00e8 qualcuno che vorrebbe andare a sciare, qualcuno che vorrebbe fare i veglioni, qualcuno che vorrebbe la Lombardia gialla e cos\u00ec tutta Italia, qualcuno che vorrebbe fare le crociere. Fontana, il disgraziato presidente della Regione Lombardia, lo dichiara pure, ieri: prima sicuro, \u00abLombardia [&hellip;]<\/p>\n","protected":false},"author":4,"featured_media":0,"comment_status":"open","ping_status":"closed","sticky":false,"template":"","format":"standard","meta":{"footnotes":""},"categories":[5],"tags":[],"class_list":["post-16795","post","type-post","status-publish","format-standard","hentry","category-trivigantismi"],"_links":{"self":[{"href":"https:\/\/www.trivigante.it\/cose\/index.php?rest_route=\/wp\/v2\/posts\/16795","targetHints":{"allow":["GET"]}}],"collection":[{"href":"https:\/\/www.trivigante.it\/cose\/index.php?rest_route=\/wp\/v2\/posts"}],"about":[{"href":"https:\/\/www.trivigante.it\/cose\/index.php?rest_route=\/wp\/v2\/types\/post"}],"author":[{"embeddable":true,"href":"https:\/\/www.trivigante.it\/cose\/index.php?rest_route=\/wp\/v2\/users\/4"}],"replies":[{"embeddable":true,"href":"https:\/\/www.trivigante.it\/cose\/index.php?rest_route=%2Fwp%2Fv2%2Fcomments&post=16795"}],"version-history":[{"count":39,"href":"https:\/\/www.trivigante.it\/cose\/index.php?rest_route=\/wp\/v2\/posts\/16795\/revisions"}],"predecessor-version":[{"id":16839,"href":"https:\/\/www.trivigante.it\/cose\/index.php?rest_route=\/wp\/v2\/posts\/16795\/revisions\/16839"}],"wp:attachment":[{"href":"https:\/\/www.trivigante.it\/cose\/index.php?rest_route=%2Fwp%2Fv2%2Fmedia&parent=16795"}],"wp:term":[{"taxonomy":"category","embeddable":true,"href":"https:\/\/www.trivigante.it\/cose\/index.php?rest_route=%2Fwp%2Fv2%2Fcategories&post=16795"},{"taxonomy":"post_tag","embeddable":true,"href":"https:\/\/www.trivigante.it\/cose\/index.php?rest_route=%2Fwp%2Fv2%2Ftags&post=16795"}],"curies":[{"name":"wp","href":"https:\/\/api.w.org\/{rel}","templated":true}]}}