{"id":14274,"date":"2020-06-24T20:31:00","date_gmt":"2020-06-24T18:31:00","guid":{"rendered":"http:\/\/www.trivigante.it\/cose\/?p=14274"},"modified":"2026-01-06T18:25:12","modified_gmt":"2026-01-06T17:25:12","slug":"le-allegre-nonche-inutili-guide-turistiche-di-trivigante-tre-tentativi-di-indipendenza-tra-solferino-e-san-martino","status":"publish","type":"post","link":"https:\/\/www.trivigante.it\/cose\/?p=14274","title":{"rendered":"le allegre nonch\u00e9 inutili guide turistiche di trivigante: tre tentativi di indipendenza tra Solferino e san Martino"},"content":{"rendered":"\n<p>Oggi \u00e8 il 24 giugno e quale giorno migliore per tornare sempre al 24 giugno ma del 1859? Nessuno, ovvio. Il momento in realt\u00e0 sono tre, 1848, 1859 e 1866, ma i luoghi sono sempre quelli: i luoghi delle tre guerre di indipendenza. Il nemico? Sempre loro, l&#8217;impero austroungarico. Noi, prima con la casacca piemontese nelle prime due e, poi, con quella italiana nell&#8217;ultima. Ma il problema era sempre quello: spingere verso oriente il confine, sia che fosse al Ticino, prima, o al Mincio, poi. E ora attenzione, rivelo il finale: una vinta e due perse. Quella vinta un po&#8217; \u00e8 perch\u00e9 con noi c&#8217;erano i francesi, tocca ammetterlo anche se poi a Roma ci crearono un sacco di problemi, una di quelle perse \u00e8 andata comunque bene perch\u00e9 la Prussia vinse per noi, permettendoci di guadagnare terreno. Il resto \u00e8 indecisione, ripensamenti, inazione, intempestivit\u00e0, timore, banderuolismo, tutta roba nostra. Ma ne parliamo dopo.<\/p>\n\n\n\n<p>La zona \u00e8 il basso Garda o l&#8217;alto mantovano, a seconda del punto di vista, ovvero le colline moreniche del Garda, la parte a colori nella mappa qui sotto. Tra Castiglione delle Stiviere e Valeggio sul Mincio, Peschiera e Volta mantovana, si alternano pianura pianurosa come un tavolo da biliardo e rilievi dolcissimi e vari, verdi, alberati e coltivati. Vale la pena di dirlo: una fascia di territorio di grande bellezza, che varrebbe la pena girare a prescindere da quanto dir\u00f2 tra poco. Piena zeppo di castelletti scaligeri, borghi e borghetti di buon fascino, cascine e agriturismi, cantine e ristoranti, buoni e pacchiani, e un bellissimo fiume, il Mincio.<\/p>\n\n\n\n<figure class=\"wp-block-image size-large\"><img loading=\"lazy\" decoding=\"async\" width=\"654\" height=\"593\" src=\"http:\/\/www.trivigante.it\/cose\/wp-content\/uploads\/2020\/06\/200624.garda_.colline.mappa_.jpg\" alt=\"\" class=\"wp-image-14291\" srcset=\"https:\/\/www.trivigante.it\/cose\/wp-content\/uploads\/2020\/06\/200624.garda_.colline.mappa_.jpg 654w, https:\/\/www.trivigante.it\/cose\/wp-content\/uploads\/2020\/06\/200624.garda_.colline.mappa_-300x272.jpg 300w\" sizes=\"auto, (max-width: 654px) 100vw, 654px\" \/><\/figure>\n\n\n\n<p>Il filo conduttore per un giro in zona, se ne servisse uno, potrebbe ovviamente essere il Risorgimento, anzi pi\u00f9 circoscritto: le tre guerre di indipendenza. Lungi da me farne qui una storia, di tutto il Risorgimento a me piacciono i Garibaldi e i Pisacane, i mille e la guerriglia contro i barbogi viennesi, mica i Carlo Alberto che tentennavano, per cui rimando alla guida perfetta per questo: <a rel=\"noreferrer noopener\" href=\"https:\/\/youtu.be\/o-6ZANa5axY\" target=\"_blank\">le tre guerre raccontate da Alessandro Barbero<\/a>. Ho gi\u00e0 parlato delle <a rel=\"noreferrer noopener\" href=\"http:\/\/www.trivigante.it\/cose\/?p=9739\" target=\"_blank\">lezioni di storia del professore<\/a> e dell&#8217;ascoltarsele in versione audio, quindi rimando di l\u00e0, per questa gita il bello \u00e8 che vi mettete su il podcast, auto o cuffie o telefono, e se siete bravi sarete nei posti precisi quando lui ne parla. O quasi, perch\u00e9 a Custoza toccherebbe tornare due volte ma, insomma, si fa del proprio meglio. Se poi riusciste a farlo non dico il 24 giugno come ho fatto io ma almeno in stagione cogliereste alcuni aspetti importanti. Il caldo, per esempio, notevole per me in camicia, in un giugno bellissimo e con del turismo da fare, figuriamoci per dei soldati vestiti di panno pesante, senza alcuna nozione di igiene personale, in giro per settimane a far la guerra. Morivano di sincope, ben prima di arrivare al campo di battaglia. Eccolo il campo, ho fatto una comoda mappetta con qualche posto che suggerisco. Non stupiscano le dimensioni, si trattava di eserciti ottocenteschi, centinaia di migliaia di persone spesso disorganizzate su fronti lunghi anche settanta chilometri, che ci mettevano giorni e giorni per passare un fiume. L&#8217;abilit\u00e0 dei generali era raggruppare l&#8217;esercito in tempi brevi dove serviva e noi i generali bravi non li avevamo. Oddio, uno c&#8217;era, ma nel &#8217;48 lo lasciarono a casa perch\u00e9 troppo di sinistra, e nelle altre due, pentiti ma fino a un certo punto, lo spedirono verso Trento perch\u00e9 bravo s\u00ec ma non tra i piedi.<\/p>\n\n\n\n<figure class=\"wp-block-image size-full\"><a href=\"http:\/\/www.trivigante.it\/cose\/wp-content\/uploads\/2020\/06\/Tavola-disegno-1-8.png\" target=\"_blank\" rel=\"noopener noreferrer\"><img loading=\"lazy\" decoding=\"async\" width=\"843\" height=\"596\" src=\"http:\/\/www.trivigante.it\/cose\/wp-content\/uploads\/2020\/06\/Tavola-disegno-1-8.png\" alt=\"\" class=\"wp-image-14275\" srcset=\"https:\/\/www.trivigante.it\/cose\/wp-content\/uploads\/2020\/06\/Tavola-disegno-1-8.png 843w, https:\/\/www.trivigante.it\/cose\/wp-content\/uploads\/2020\/06\/Tavola-disegno-1-8-300x212.png 300w, https:\/\/www.trivigante.it\/cose\/wp-content\/uploads\/2020\/06\/Tavola-disegno-1-8-768x543.png 768w\" sizes=\"auto, (max-width: 843px) 100vw, 843px\" \/><\/a><\/figure>\n\n\n\n<p>Solferino, citato fino a non poco tempo fa sempre nella locuzione \u00abSan Martino e Solferino\u00bb, proprio per via della battaglia, \u00e8 un bel paesello su un colle, con un castello gonzaghesco che oggi \u00e8 la piazza principale, e la famosa rocca, la \u00abSpia d&#8217;Italia\u00bb per la retorica risorgimentale, perch\u00e9 stava sul confine fino al 1866. Come molti paesi coinvolti nelle guerre di indipendenza, come San Martino, Custoza e cos\u00ec via, ha un sontuoso ossario, nel quale, con gusto barocco e cappuccino, i resti sono disposti per tipologia, crani con crani, tibie con tibie. Considerando che la battaglia di \u00abSan Martino e Solferino\u00bb, appunto, dur\u00f2 un solo giorno, da mattina a sera, e cont\u00f2 circa quarantamila morti, pi\u00f9 i cavalli, i muli e tutto il resto, \u00e8 facile immaginare la portata di tutta la faccenda.<\/p>\n\n\n\n<figure class=\"wp-block-gallery has-nested-images columns-1 is-cropped wp-block-gallery-1 is-layout-flex wp-block-gallery-is-layout-flex\">\n<figure class=\"wp-block-image size-large\"><img loading=\"lazy\" decoding=\"async\" width=\"630\" height=\"472\" data-id=\"14307\" src=\"https:\/\/www.trivigante.it\/cose\/wp-content\/uploads\/2020\/06\/031.Solferino.jpg\" alt=\"\" class=\"wp-image-14307\" srcset=\"https:\/\/www.trivigante.it\/cose\/wp-content\/uploads\/2020\/06\/031.Solferino.jpg 630w, https:\/\/www.trivigante.it\/cose\/wp-content\/uploads\/2020\/06\/031.Solferino-300x225.jpg 300w\" sizes=\"auto, (max-width: 630px) 100vw, 630px\" \/><\/figure>\n\n\n\n<figure class=\"wp-block-image size-large\"><img loading=\"lazy\" decoding=\"async\" width=\"630\" height=\"472\" data-id=\"14308\" src=\"https:\/\/www.trivigante.it\/cose\/wp-content\/uploads\/2020\/06\/045.Solferino.jpg\" alt=\"\" class=\"wp-image-14308\" srcset=\"https:\/\/www.trivigante.it\/cose\/wp-content\/uploads\/2020\/06\/045.Solferino.jpg 630w, https:\/\/www.trivigante.it\/cose\/wp-content\/uploads\/2020\/06\/045.Solferino-300x225.jpg 300w\" sizes=\"auto, (max-width: 630px) 100vw, 630px\" \/><\/figure>\n<\/figure>\n\n\n\n<p>C&#8217;\u00e8 anche scritto \u00abnon toccare\u00bb, evidentemente era un problema. A Solferino consiglio di arrivarci da Castiglione delle Stiviere per poi proseguire fino a Valeggio sul Mincio. Belle colline, meno abitate del resto della zona, scorci notevoli. A Valeggio uno dei passaggi obbligati del fiume, il ponte visconteo fortificato trecentesco, enorme, impressionante, basti dire i seicentocinquanta metri di lunghezza e i ventuno di altezza. A Valeggio, poi ci sono i tortellini ed \u00e8 un ottimo punto per fermarsi a mangiare, ogni posto \u00e8 buono a patto dei tortellini. Di carne quelli tipici, piccoletti buoni per l&#8217;umido e il secco. Il fiume \u00e8 molto bello e vale la pena, avendo tempo e occasione, costeggiarlo a piedi o in bici verso nord.<\/p>\n\n\n\n<figure class=\"wp-block-image size-large\"><img loading=\"lazy\" decoding=\"async\" width=\"1024\" height=\"768\" src=\"http:\/\/www.trivigante.it\/cose\/wp-content\/uploads\/2020\/06\/056.Valeggio-sul-Mincio-1024x768.jpg\" alt=\"\" class=\"wp-image-14313\" srcset=\"https:\/\/www.trivigante.it\/cose\/wp-content\/uploads\/2020\/06\/056.Valeggio-sul-Mincio-1024x768.jpg 1024w, https:\/\/www.trivigante.it\/cose\/wp-content\/uploads\/2020\/06\/056.Valeggio-sul-Mincio-300x225.jpg 300w, https:\/\/www.trivigante.it\/cose\/wp-content\/uploads\/2020\/06\/056.Valeggio-sul-Mincio-768x576.jpg 768w, https:\/\/www.trivigante.it\/cose\/wp-content\/uploads\/2020\/06\/056.Valeggio-sul-Mincio.jpg 1440w\" sizes=\"auto, (max-width: 1024px) 100vw, 1024px\" \/><\/figure>\n\n\n\n<figure class=\"wp-block-image size-large\"><img loading=\"lazy\" decoding=\"async\" width=\"1024\" height=\"768\" src=\"http:\/\/www.trivigante.it\/cose\/wp-content\/uploads\/2020\/06\/063.Valeggio-sul-Mincio-1024x768.jpg\" alt=\"\" class=\"wp-image-14314\" srcset=\"https:\/\/www.trivigante.it\/cose\/wp-content\/uploads\/2020\/06\/063.Valeggio-sul-Mincio-1024x768.jpg 1024w, https:\/\/www.trivigante.it\/cose\/wp-content\/uploads\/2020\/06\/063.Valeggio-sul-Mincio-300x225.jpg 300w, https:\/\/www.trivigante.it\/cose\/wp-content\/uploads\/2020\/06\/063.Valeggio-sul-Mincio-768x576.jpg 768w, https:\/\/www.trivigante.it\/cose\/wp-content\/uploads\/2020\/06\/063.Valeggio-sul-Mincio.jpg 1440w\" sizes=\"auto, (max-width: 1024px) 100vw, 1024px\" \/><\/figure>\n\n\n\n<p>Passato il colle di Valeggio, avanti verso il colle di Custoza. Ha proprio ragione Barbero, le guerre fino al nostro secolo erano condizionate dalla geografia, perch\u00e9 fiumi e montagne costituivano degli ostacoli considerevoli. Era, quindi, naturale che una volta passato il Mincio da ovest verso est le battaglie sarebbero avvenute a Custoza. Oddio, Custoza, il riferimento \u00e8 generico, si intende la piana intorno a Custoza; ed \u00e8 proprio l\u00ec che perdemmo non una ma due volte contro gli austriaci: una prima volta il 25 luglio 1848 contro le truppe del maledetto generale Radetzky e il 24 giugno (ancora!) 1866 contro l&#8217;esercito guidato dall&#8217;Arciduca Alberto d&#8217;Asburgo-Teschen. Per gli amanti delle frittole di De Amicis, \u00e8 a Custoza che il tamburino sardo corse gi\u00f9 dalle colline per chiamare i rinforzi.<\/p>\n\n\n\n<figure class=\"wp-block-image size-large\"><img loading=\"lazy\" decoding=\"async\" width=\"750\" height=\"292\" src=\"http:\/\/www.trivigante.it\/cose\/wp-content\/uploads\/2020\/06\/080.Custoza.jpg\" alt=\"\" class=\"wp-image-14315\" srcset=\"https:\/\/www.trivigante.it\/cose\/wp-content\/uploads\/2020\/06\/080.Custoza.jpg 750w, https:\/\/www.trivigante.it\/cose\/wp-content\/uploads\/2020\/06\/080.Custoza-300x117.jpg 300w\" sizes=\"auto, (max-width: 750px) 100vw, 750px\" \/><\/figure>\n\n\n\n<p>Su una collina morenica isolata, Custoza offre gran vista, un ossario non inferiore a Solferino, una grande villa veneta con viale alberato prospettico, il memorabile bianco di Custoza, bello freddo d&#8217;estate, e un broccoletto tipico di qui, mai sentito ma che pare sia gran specialit\u00e0. Scendere verso Monzambano, altro passaggio del fiume, \u00e8 un attimo, ed \u00e8 bello, grandicello e placido. Il ponte storico fu fatto saltare dagli austriaci in retrocessione il 9 aprile 1848, inseguiti dalle truppe del generale Breglia i cui genieri riuscirono a ristabilire il passaggio in breve tempo. Durante la terza guerra, invece, furono gli italiani del generale Pianell a difendere il ponte vittoriosamente lo stesso giorno della sconfitta di Custoza, andava cos\u00ec, un po&#8217; vinte e un po&#8217; perse. Ci sar\u00e0 stato pure qualche ragazzo del novantanove di allora che nel &#8217;48 aveva diciotto anni e che se le \u00e8 fatte tutte e tre, le guerre? Fortunato perch\u00e9 vivo e sfortunato perch\u00e9 giovane?<\/p>\n\n\n\n<figure class=\"wp-block-image size-large\"><img loading=\"lazy\" decoding=\"async\" width=\"750\" height=\"562\" src=\"http:\/\/www.trivigante.it\/cose\/wp-content\/uploads\/2020\/06\/097.Monzambano.jpg\" alt=\"\" class=\"wp-image-14319\" srcset=\"https:\/\/www.trivigante.it\/cose\/wp-content\/uploads\/2020\/06\/097.Monzambano.jpg 750w, https:\/\/www.trivigante.it\/cose\/wp-content\/uploads\/2020\/06\/097.Monzambano-300x225.jpg 300w\" sizes=\"auto, (max-width: 750px) 100vw, 750px\" \/><\/figure>\n\n\n\n<p>Da Monzambano a Peschiera del Garda sono meno di sei chilometri e la visita alla cittadina fortificata del quadrilatero austriaco (le altre erano Verona, Mantova e Legnago) \u00e8 abbastanza d&#8217;obbligo. Per chi lo ricorda, se noi facevamo i renitenti alla leva venivamo mandati al carcere militare di Peschiera, non credo sia pi\u00f9 cos\u00ec, o all&#8217;ospedale militare, sempre l\u00ec, per degenze prolungate. Ed \u00e8 ovvio, \u00e8 pieno di caserme, istituite prima per le guarnigioni della Repubblica di Venezia e per gli austriaci poi e, infine, per gli italiani. Belle le mura a spiovere nell&#8217;acqua e le due isole che costituiscono il centro abitato, oltre alla vista ampia sul Garda e il monte Baldo sullo sfondo.<\/p>\n\n\n\n<figure class=\"wp-block-image size-large\"><img loading=\"lazy\" decoding=\"async\" width=\"750\" height=\"562\" src=\"http:\/\/www.trivigante.it\/cose\/wp-content\/uploads\/2020\/06\/146.Peschiera.jpg\" alt=\"\" class=\"wp-image-14321\" srcset=\"https:\/\/www.trivigante.it\/cose\/wp-content\/uploads\/2020\/06\/146.Peschiera.jpg 750w, https:\/\/www.trivigante.it\/cose\/wp-content\/uploads\/2020\/06\/146.Peschiera-300x225.jpg 300w\" sizes=\"auto, (max-width: 750px) 100vw, 750px\" \/><\/figure>\n\n\n\n<p>Altri sei chilometri per la tappa finale di questo piccolo giro, San Martino della battaglia, appunto. Altra collina da cui guidare gli eserciti, una torre costruita dopo per celebrare la vittoria contro gli austriaci del 1859, una manciata di cascine storiche sparse attorno, luoghi anch&#8217;esse dello scontro con tanto di cronologia ora per ora della giornata, un ossario sempre nello stesso stile, accatastamento di ossa per tipo.<\/p>\n\n\n\n<figure class=\"wp-block-gallery has-nested-images columns-1 is-cropped wp-block-gallery-2 is-layout-flex wp-block-gallery-is-layout-flex\">\n<figure class=\"wp-block-image size-large\"><img loading=\"lazy\" decoding=\"async\" width=\"750\" height=\"562\" data-id=\"14322\" src=\"https:\/\/www.trivigante.it\/cose\/wp-content\/uploads\/2020\/06\/197.San-Martino-della-battaglia.jpg\" alt=\"\" class=\"wp-image-14322\" srcset=\"https:\/\/www.trivigante.it\/cose\/wp-content\/uploads\/2020\/06\/197.San-Martino-della-battaglia.jpg 750w, https:\/\/www.trivigante.it\/cose\/wp-content\/uploads\/2020\/06\/197.San-Martino-della-battaglia-300x225.jpg 300w\" sizes=\"auto, (max-width: 750px) 100vw, 750px\" \/><\/figure>\n\n\n\n<figure class=\"wp-block-image size-large\"><img loading=\"lazy\" decoding=\"async\" width=\"750\" height=\"562\" data-id=\"14323\" src=\"https:\/\/www.trivigante.it\/cose\/wp-content\/uploads\/2020\/06\/202.San-Martino-della-battaglia.jpg\" alt=\"\" class=\"wp-image-14323\" srcset=\"https:\/\/www.trivigante.it\/cose\/wp-content\/uploads\/2020\/06\/202.San-Martino-della-battaglia.jpg 750w, https:\/\/www.trivigante.it\/cose\/wp-content\/uploads\/2020\/06\/202.San-Martino-della-battaglia-300x225.jpg 300w\" sizes=\"auto, (max-width: 750px) 100vw, 750px\" \/><\/figure>\n<\/figure>\n\n\n\n<p>Alla fine, le tracce del Risorgimento, della Storia e della storia si trovano un po&#8217; dappertutto, ogni paesello ha un cippetto, numerose lapidi, statue memorande, e anche dove meno uno se l&#8217;aspetta (o si sarebbe aspettato lui, quando pensava a un \u00abnome onorato dalla Patria e dagli Italiani\u00bb). <em>B\u00ecra <\/em>e bagno?<\/p>\n\n\n\n<figure class=\"wp-block-image size-large\"><img loading=\"lazy\" decoding=\"async\" width=\"630\" height=\"472\" src=\"http:\/\/www.trivigante.it\/cose\/wp-content\/uploads\/2020\/06\/094.Monzambano.jpg\" alt=\"\" class=\"wp-image-14297\" srcset=\"https:\/\/www.trivigante.it\/cose\/wp-content\/uploads\/2020\/06\/094.Monzambano.jpg 630w, https:\/\/www.trivigante.it\/cose\/wp-content\/uploads\/2020\/06\/094.Monzambano-300x225.jpg 300w\" sizes=\"auto, (max-width: 630px) 100vw, 630px\" \/><\/figure>\n\n\n\n<p>Ah s\u00ec, in zona c&#8217;\u00e8 un certo delirio per parchi acquatici e di divertimento ma quelli, a me, interessano nulla. A meno che, appunto, non abbiano dei bei nomi.<br>Buon giro, dunque, a chi seguir\u00e0. E mi raccomando i racconti di Barbero.<\/p>\n\n\n\n<p>Le altre guide:<\/p>\n\n\n\n<p><a href=\"http:\/\/www.trivigante.it\/cose\/?p=18119\" target=\"_blank\" rel=\"noreferrer noopener\">adda (risalire da trezzo)<\/a> | <a href=\"http:\/\/www.trivigante.it\/cose\/?p=7100\" target=\"_blank\" rel=\"noreferrer noopener\">amburgo (tre motivi)<\/a> | <a href=\"https:\/\/www.trivigante.it\/cose\/?p=35218\" target=\"_blank\" rel=\"noreferrer noopener\">amburgo (le cose vere)<\/a> | <a href=\"http:\/\/www.trivigante.it\/b.site\/b.site_ago07.htm#berlino\" target=\"_blank\" rel=\"noreferrer noopener\">berlino (in sei mosse)<\/a> | <a href=\"http:\/\/www.trivigante.it\/cose\/?p=15457\" target=\"_blank\" rel=\"noreferrer noopener\">bernina express<\/a> | <a href=\"http:\/\/www.trivigante.it\/public\/tregenda\/?p=2816\" target=\"_blank\" rel=\"noreferrer noopener\">bevagna<\/a> | <a href=\"http:\/\/www.trivigante.it\/public\/tregenda\/?p=1022\" target=\"_blank\" rel=\"noreferrer noopener\">budapest (gerbeaud)<\/a> | <a href=\"https:\/\/www.trivigante.it\/cose\/?p=32021\" target=\"_blank\" rel=\"noreferrer noopener\">edimburgo (tre cose per una notte)<\/a> | <a href=\"http:\/\/www.trivigante.it\/public\/tregenda\/?p=5907\" target=\"_blank\" rel=\"noreferrer noopener\">ferrara (le prigioni esclusive del castello estense)<\/a> | <a href=\"https:\/\/www.trivigante.it\/cose\/?p=35415\" target=\"_blank\" rel=\"noreferrer noopener\">glasgow (caff\u00e8 e tombe)<\/a> | <a href=\"http:\/\/www.trivigante.it\/public\/tregenda\/?p=2333\" target=\"_blank\" rel=\"noreferrer noopener\">libarna<\/a> | <a href=\"https:\/\/www.trivigante.it\/cose\/?p=35889\" target=\"_blank\" rel=\"noreferrer noopener\">mantova (i colpi di genio di mantegna)<\/a> | <a href=\"http:\/\/www.trivigante.it\/b.site\/b.site_mar07.htm#favorita\" target=\"_blank\" rel=\"noreferrer noopener\">mantova (la favorita)<\/a> | <a href=\"http:\/\/www.trivigante.it\/b.site\/b.site_gen08.htm#monumentale\" target=\"_blank\" rel=\"noreferrer noopener\">milano (cimitero monumentale)<\/a> | <a href=\"http:\/\/www.trivigante.it\/b.site\/b.site_dic07.htm#mi_centrale\" target=\"_blank\" rel=\"noreferrer noopener\">milano (sala reale FS)<\/a> | <a href=\"https:\/\/www.trivigante.it\/cose\/?p=28914\" target=\"_blank\" rel=\"noreferrer noopener\">milano (dintorni, tre abbazie)<\/a> | <a href=\"http:\/\/www.trivigante.it\/cose\/?p=10618\" target=\"_blank\" rel=\"noreferrer noopener\">monaco di baviera (nazismo e resistenza)<\/a> | <a href=\"http:\/\/www.trivigante.it\/cose\/?p=10516\" target=\"_blank\" rel=\"noreferrer noopener\">monza e teodolinda<\/a> | <a href=\"http:\/\/www.trivigante.it\/cose\/?p=25646\" target=\"_blank\" rel=\"noreferrer noopener\">nederlandia (tre giorni in)<\/a> | <a href=\"http:\/\/www.trivigante.it\/b.site\/b.site_mar08.htm#oslo\" target=\"_blank\" rel=\"noreferrer noopener\">oslo<\/a> | <a href=\"http:\/\/www.trivigante.it\/cose\/?p=1695\" target=\"_blank\" rel=\"noreferrer noopener\">pont du gard<\/a> | <a href=\"https:\/\/www.trivigante.it\/cose\/?p=34728\" target=\"_blank\" rel=\"noreferrer noopener\">prietenia: l&#8217;ultimo treno sovietico<\/a> | <a href=\"http:\/\/www.trivigante.it\/b.site\/b.site_feb07.htm#termini_att\" target=\"_blank\" rel=\"noreferrer noopener\">roma (attorno a termini)<\/a> | <a href=\"http:\/\/www.trivigante.it\/b.site\/b.site_giu07.htm#roma_barb\" target=\"_blank\" rel=\"noreferrer noopener\">roma (barberini)<\/a> | <a href=\"http:\/\/www.trivigante.it\/public\/tregenda\/?p=2740\" target=\"_blank\" rel=\"noreferrer noopener\">roma (mucri)<\/a> | <a href=\"http:\/\/www.trivigante.it\/b.site\/b.site_mar07.htm#roma_rep\" target=\"_blank\" rel=\"noreferrer noopener\">roma (repubblica)<\/a> | <a href=\"http:\/\/www.trivigante.it\/b.site\/b.site_feb07.htm#termini\" target=\"_blank\" rel=\"noreferrer noopener\">roma (termini)<\/a> | <a href=\"http:\/\/www.trivigante.it\/cose\/?p=14274\" target=\"_blank\" rel=\"noreferrer noopener\">da solferino a san martino (indipendenza)<\/a> | <a href=\"https:\/\/www.trivigante.it\/cose\/?p=31877\" target=\"_blank\" rel=\"noreferrer noopener\">torino (le nuove)<\/a> | <a href=\"http:\/\/www.trivigante.it\/b.site\/b.site_dic07.htm#velleia\" target=\"_blank\" rel=\"noreferrer noopener\">velleia<\/a> | <a href=\"http:\/\/www.trivigante.it\/cose\/?p=22705\" target=\"_blank\" rel=\"noreferrer noopener\">vicenza (l&#8217;illusione della regolarit\u00e0)<\/a><\/p>\n","protected":false},"excerpt":{"rendered":"<p>Oggi \u00e8 il 24 giugno e quale giorno migliore per tornare sempre al 24 giugno ma del 1859? Nessuno, ovvio. Il momento in realt\u00e0 sono tre, 1848, 1859 e 1866, ma i luoghi sono sempre quelli: i luoghi delle tre guerre di indipendenza. Il nemico? Sempre loro, l&#8217;impero austroungarico. Noi, prima con la casacca piemontese [&hellip;]<\/p>\n","protected":false},"author":4,"featured_media":0,"comment_status":"open","ping_status":"closed","sticky":false,"template":"","format":"standard","meta":{"footnotes":""},"categories":[5],"tags":[],"class_list":["post-14274","post","type-post","status-publish","format-standard","hentry","category-trivigantismi"],"_links":{"self":[{"href":"https:\/\/www.trivigante.it\/cose\/index.php?rest_route=\/wp\/v2\/posts\/14274","targetHints":{"allow":["GET"]}}],"collection":[{"href":"https:\/\/www.trivigante.it\/cose\/index.php?rest_route=\/wp\/v2\/posts"}],"about":[{"href":"https:\/\/www.trivigante.it\/cose\/index.php?rest_route=\/wp\/v2\/types\/post"}],"author":[{"embeddable":true,"href":"https:\/\/www.trivigante.it\/cose\/index.php?rest_route=\/wp\/v2\/users\/4"}],"replies":[{"embeddable":true,"href":"https:\/\/www.trivigante.it\/cose\/index.php?rest_route=%2Fwp%2Fv2%2Fcomments&post=14274"}],"version-history":[{"count":44,"href":"https:\/\/www.trivigante.it\/cose\/index.php?rest_route=\/wp\/v2\/posts\/14274\/revisions"}],"predecessor-version":[{"id":35243,"href":"https:\/\/www.trivigante.it\/cose\/index.php?rest_route=\/wp\/v2\/posts\/14274\/revisions\/35243"}],"wp:attachment":[{"href":"https:\/\/www.trivigante.it\/cose\/index.php?rest_route=%2Fwp%2Fv2%2Fmedia&parent=14274"}],"wp:term":[{"taxonomy":"category","embeddable":true,"href":"https:\/\/www.trivigante.it\/cose\/index.php?rest_route=%2Fwp%2Fv2%2Fcategories&post=14274"},{"taxonomy":"post_tag","embeddable":true,"href":"https:\/\/www.trivigante.it\/cose\/index.php?rest_route=%2Fwp%2Fv2%2Ftags&post=14274"}],"curies":[{"name":"wp","href":"https:\/\/api.w.org\/{rel}","templated":true}]}}