{"id":1281,"date":"2016-01-27T15:20:25","date_gmt":"2016-01-27T14:20:25","guid":{"rendered":"http:\/\/www.trivigante.it\/cose\/?p=1281"},"modified":"2024-02-09T20:50:24","modified_gmt":"2024-02-09T19:50:24","slug":"memoria-una-cosa-da-fare","status":"publish","type":"post","link":"https:\/\/www.trivigante.it\/cose\/?p=1281","title":{"rendered":"memoria: una cosa da fare"},"content":{"rendered":"<p>Avendo gi\u00e0 visitato Buchenwald e Dachau, avendo gi\u00e0 visitato la risiera di San Sabba, avendo letto Primo Levi, Pahor, Schneider, Jonas, Debenedetti, Liblau, Goldensohn, Steinbacher, Venezia, Wiesenthal, H\u00f6ss, Goldhagen, Hillesum, Pilecki, Frank, Wiesel negli ultimi anni, avendo fatto tutto questo ero indeciso se andare a visitare Auschwitz o meno. Pensavo di averne tutto sommato un&#8217;idea, di sapere molto e che non avrei visto nulla che &#8211; pi\u00f9 o meno &#8211; non sapevo gi\u00e0.<\/p>\n<p>Poi ci sono andato comunque, quest&#8217;estate. E pensavo di essere pronto.<\/p>\n<p><img loading=\"lazy\" decoding=\"async\" class=\"alignnone size-full wp-image-1283\" src=\"http:\/\/www.trivigante.it\/cose\/wp-content\/uploads\/2016\/01\/0334.auschwitz-e-birkenau.luglio.2015.jpg\" alt=\"0334.auschwitz e birkenau.luglio.2015\" width=\"1440\" height=\"1080\" srcset=\"https:\/\/www.trivigante.it\/cose\/wp-content\/uploads\/2016\/01\/0334.auschwitz-e-birkenau.luglio.2015.jpg 1440w, https:\/\/www.trivigante.it\/cose\/wp-content\/uploads\/2016\/01\/0334.auschwitz-e-birkenau.luglio.2015-300x225.jpg 300w, https:\/\/www.trivigante.it\/cose\/wp-content\/uploads\/2016\/01\/0334.auschwitz-e-birkenau.luglio.2015-768x576.jpg 768w, https:\/\/www.trivigante.it\/cose\/wp-content\/uploads\/2016\/01\/0334.auschwitz-e-birkenau.luglio.2015-1024x768.jpg 1024w\" sizes=\"auto, (max-width: 1440px) 100vw, 1440px\" \/><\/p>\n<p>Prima ad Auschwitz e poi a Birkenau (Auschwitz II).<\/p>\n<p><img loading=\"lazy\" decoding=\"async\" class=\"alignnone size-full wp-image-1284\" src=\"http:\/\/www.trivigante.it\/cose\/wp-content\/uploads\/2016\/01\/0501.auschwitz-e-birkenau.luglio.2015.jpg\" alt=\"0501.auschwitz e birkenau.luglio.2015\" width=\"1440\" height=\"1080\" srcset=\"https:\/\/www.trivigante.it\/cose\/wp-content\/uploads\/2016\/01\/0501.auschwitz-e-birkenau.luglio.2015.jpg 1440w, https:\/\/www.trivigante.it\/cose\/wp-content\/uploads\/2016\/01\/0501.auschwitz-e-birkenau.luglio.2015-300x225.jpg 300w, https:\/\/www.trivigante.it\/cose\/wp-content\/uploads\/2016\/01\/0501.auschwitz-e-birkenau.luglio.2015-768x576.jpg 768w, https:\/\/www.trivigante.it\/cose\/wp-content\/uploads\/2016\/01\/0501.auschwitz-e-birkenau.luglio.2015-1024x768.jpg 1024w\" sizes=\"auto, (max-width: 1440px) 100vw, 1440px\" \/><\/p>\n<p>E l\u00ec ho visto il pasto di un intero giorno (il cubo in alto a sinistra lo chiamavano formaggio ed era per lo pi\u00f9 segatura).<\/p>\n<p><img loading=\"lazy\" decoding=\"async\" class=\"alignnone size-full wp-image-1286\" src=\"http:\/\/www.trivigante.it\/cose\/wp-content\/uploads\/2016\/01\/0423.auschwitz-e-birkenau.luglio.2015.jpg\" alt=\"0423.auschwitz e birkenau.luglio.2015\" width=\"615\" height=\"420\" srcset=\"https:\/\/www.trivigante.it\/cose\/wp-content\/uploads\/2016\/01\/0423.auschwitz-e-birkenau.luglio.2015.jpg 615w, https:\/\/www.trivigante.it\/cose\/wp-content\/uploads\/2016\/01\/0423.auschwitz-e-birkenau.luglio.2015-300x205.jpg 300w\" sizes=\"auto, (max-width: 615px) 100vw, 615px\" \/><\/p>\n<p>Ho visto i volti delle persone.<\/p>\n<p><img loading=\"lazy\" decoding=\"async\" class=\"alignnone size-full wp-image-1287\" src=\"http:\/\/www.trivigante.it\/cose\/wp-content\/uploads\/2016\/01\/0427.auschwitz-e-birkenau.luglio.2015.jpg\" alt=\"0427.auschwitz e birkenau.luglio.2015\" width=\"615\" height=\"461\" srcset=\"https:\/\/www.trivigante.it\/cose\/wp-content\/uploads\/2016\/01\/0427.auschwitz-e-birkenau.luglio.2015.jpg 615w, https:\/\/www.trivigante.it\/cose\/wp-content\/uploads\/2016\/01\/0427.auschwitz-e-birkenau.luglio.2015-300x225.jpg 300w\" sizes=\"auto, (max-width: 615px) 100vw, 615px\" \/><\/p>\n<p>Ho visto gli appunti di Mengele.<\/p>\n<p><img loading=\"lazy\" decoding=\"async\" class=\"alignnone size-full wp-image-1288\" src=\"http:\/\/www.trivigante.it\/cose\/wp-content\/uploads\/2016\/01\/0429.auschwitz-e-birkenau.luglio.2015.jpg\" alt=\"0429.auschwitz e birkenau.luglio.2015\" width=\"615\" height=\"574\" srcset=\"https:\/\/www.trivigante.it\/cose\/wp-content\/uploads\/2016\/01\/0429.auschwitz-e-birkenau.luglio.2015.jpg 615w, https:\/\/www.trivigante.it\/cose\/wp-content\/uploads\/2016\/01\/0429.auschwitz-e-birkenau.luglio.2015-300x280.jpg 300w\" sizes=\"auto, (max-width: 615px) 100vw, 615px\" \/><\/p>\n<p>Ho visto l&#8217;incommensurabile (sono scarpe, e sono le scarpe dei soli ultimi due mesi di deportazione).<\/p>\n<p><img loading=\"lazy\" decoding=\"async\" class=\"alignnone size-full wp-image-1294\" src=\"http:\/\/www.trivigante.it\/cose\/wp-content\/uploads\/2016\/01\/0404.auschwitz-e-birkenau.luglio.2015.jpg\" alt=\"0404.auschwitz e birkenau.luglio.2015\" width=\"615\" height=\"461\" srcset=\"https:\/\/www.trivigante.it\/cose\/wp-content\/uploads\/2016\/01\/0404.auschwitz-e-birkenau.luglio.2015.jpg 615w, https:\/\/www.trivigante.it\/cose\/wp-content\/uploads\/2016\/01\/0404.auschwitz-e-birkenau.luglio.2015-300x225.jpg 300w\" sizes=\"auto, (max-width: 615px) 100vw, 615px\" \/><\/p>\n<p>Ho visto il patibolo sul quale fu impiccato H\u00f6ss, a fianco della sua villa sontuosa.<\/p>\n<p><img loading=\"lazy\" decoding=\"async\" class=\"alignnone size-full wp-image-1290\" src=\"http:\/\/www.trivigante.it\/cose\/wp-content\/uploads\/2016\/01\/0473.auschwitz-e-birkenau.luglio.2015.jpg\" alt=\"0473.auschwitz e birkenau.luglio.2015\" width=\"615\" height=\"385\" srcset=\"https:\/\/www.trivigante.it\/cose\/wp-content\/uploads\/2016\/01\/0473.auschwitz-e-birkenau.luglio.2015.jpg 615w, https:\/\/www.trivigante.it\/cose\/wp-content\/uploads\/2016\/01\/0473.auschwitz-e-birkenau.luglio.2015-300x188.jpg 300w\" sizes=\"auto, (max-width: 615px) 100vw, 615px\" \/><\/p>\n<p>Ho visto la crudelt\u00e0.<\/p>\n<p><img loading=\"lazy\" decoding=\"async\" class=\"alignnone size-full wp-image-1291\" src=\"http:\/\/www.trivigante.it\/cose\/wp-content\/uploads\/2016\/01\/0551.auschwitz-e-birkenau.luglio.2015.jpg\" alt=\"0551.auschwitz e birkenau.luglio.2015\" width=\"615\" height=\"365\" srcset=\"https:\/\/www.trivigante.it\/cose\/wp-content\/uploads\/2016\/01\/0551.auschwitz-e-birkenau.luglio.2015.jpg 615w, https:\/\/www.trivigante.it\/cose\/wp-content\/uploads\/2016\/01\/0551.auschwitz-e-birkenau.luglio.2015-300x178.jpg 300w\" sizes=\"auto, (max-width: 615px) 100vw, 615px\" \/><\/p>\n<p>Ho visto l&#8217;abominio.<\/p>\n<p><img loading=\"lazy\" decoding=\"async\" class=\"alignnone size-full wp-image-1292\" src=\"http:\/\/www.trivigante.it\/cose\/wp-content\/uploads\/2016\/01\/0576.auschwitz-e-birkenau.luglio.2015.jpg\" alt=\"0576.auschwitz e birkenau.luglio.2015\" width=\"615\" height=\"461\" srcset=\"https:\/\/www.trivigante.it\/cose\/wp-content\/uploads\/2016\/01\/0576.auschwitz-e-birkenau.luglio.2015.jpg 615w, https:\/\/www.trivigante.it\/cose\/wp-content\/uploads\/2016\/01\/0576.auschwitz-e-birkenau.luglio.2015-300x225.jpg 300w\" sizes=\"auto, (max-width: 615px) 100vw, 615px\" \/> <img loading=\"lazy\" decoding=\"async\" class=\"alignnone size-full wp-image-1293\" src=\"http:\/\/www.trivigante.it\/cose\/wp-content\/uploads\/2016\/01\/0594.auschwitz-e-birkenau.luglio.2015.jpg\" alt=\"0594.auschwitz e birkenau.luglio.2015\" width=\"615\" height=\"461\" srcset=\"https:\/\/www.trivigante.it\/cose\/wp-content\/uploads\/2016\/01\/0594.auschwitz-e-birkenau.luglio.2015.jpg 615w, https:\/\/www.trivigante.it\/cose\/wp-content\/uploads\/2016\/01\/0594.auschwitz-e-birkenau.luglio.2015-300x225.jpg 300w\" sizes=\"auto, (max-width: 615px) 100vw, 615px\" \/><\/p>\n<p>E ho capito che non sapevo ancora niente.<\/p>\n<p><img loading=\"lazy\" decoding=\"async\" class=\"alignnone size-full wp-image-1289\" src=\"http:\/\/www.trivigante.it\/cose\/wp-content\/uploads\/2016\/01\/0468.auschwitz-e-birkenau.luglio.2015.jpg\" alt=\"0468.auschwitz e birkenau.luglio.2015\" width=\"615\" height=\"382\" srcset=\"https:\/\/www.trivigante.it\/cose\/wp-content\/uploads\/2016\/01\/0468.auschwitz-e-birkenau.luglio.2015.jpg 615w, https:\/\/www.trivigante.it\/cose\/wp-content\/uploads\/2016\/01\/0468.auschwitz-e-birkenau.luglio.2015-300x186.jpg 300w\" sizes=\"auto, (max-width: 615px) 100vw, 615px\" \/><\/p>\n<p>Andateci, vi prego, e portateci pi\u00f9 persone che potete. Portateci i ragazzi. Lo so, far\u00e0 male, malissimo, avrete incubi e pensieri orrendi ma \u00e8 proprio questo che va fatto, a quello serve. Non pensate di sapere gi\u00e0, non \u00e8 vero.<br \/>\nTroverete per\u00f2 persone come voi l\u00ec per lo stesso motivo, troverete guide nobili e coraggiose, troverete vita dove un tempo c&#8217;era solo morte.<br \/>\nAndateci, non sarete pi\u00f9 gli stessi. Sarete migliori, come spero di esserlo io.<\/p>\n","protected":false},"excerpt":{"rendered":"<p>Avendo gi\u00e0 visitato Buchenwald e Dachau, avendo gi\u00e0 visitato la risiera di San Sabba, avendo letto Primo Levi, Pahor, Schneider, Jonas, Debenedetti, Liblau, Goldensohn, Steinbacher, Venezia, Wiesenthal, H\u00f6ss, Goldhagen, Hillesum, Pilecki, Frank, Wiesel negli ultimi anni, avendo fatto tutto questo ero indeciso se andare a visitare Auschwitz o meno. Pensavo di averne tutto sommato un&#8217;idea, [&hellip;]<\/p>\n","protected":false},"author":4,"featured_media":0,"comment_status":"open","ping_status":"open","sticky":false,"template":"","format":"standard","meta":{"footnotes":""},"categories":[4],"tags":[],"class_list":["post-1281","post","type-post","status-publish","format-standard","hentry","category-memorie"],"_links":{"self":[{"href":"https:\/\/www.trivigante.it\/cose\/index.php?rest_route=\/wp\/v2\/posts\/1281","targetHints":{"allow":["GET"]}}],"collection":[{"href":"https:\/\/www.trivigante.it\/cose\/index.php?rest_route=\/wp\/v2\/posts"}],"about":[{"href":"https:\/\/www.trivigante.it\/cose\/index.php?rest_route=\/wp\/v2\/types\/post"}],"author":[{"embeddable":true,"href":"https:\/\/www.trivigante.it\/cose\/index.php?rest_route=\/wp\/v2\/users\/4"}],"replies":[{"embeddable":true,"href":"https:\/\/www.trivigante.it\/cose\/index.php?rest_route=%2Fwp%2Fv2%2Fcomments&post=1281"}],"version-history":[{"count":8,"href":"https:\/\/www.trivigante.it\/cose\/index.php?rest_route=\/wp\/v2\/posts\/1281\/revisions"}],"predecessor-version":[{"id":1300,"href":"https:\/\/www.trivigante.it\/cose\/index.php?rest_route=\/wp\/v2\/posts\/1281\/revisions\/1300"}],"wp:attachment":[{"href":"https:\/\/www.trivigante.it\/cose\/index.php?rest_route=%2Fwp%2Fv2%2Fmedia&parent=1281"}],"wp:term":[{"taxonomy":"category","embeddable":true,"href":"https:\/\/www.trivigante.it\/cose\/index.php?rest_route=%2Fwp%2Fv2%2Fcategories&post=1281"},{"taxonomy":"post_tag","embeddable":true,"href":"https:\/\/www.trivigante.it\/cose\/index.php?rest_route=%2Fwp%2Fv2%2Ftags&post=1281"}],"curies":[{"name":"wp","href":"https:\/\/api.w.org\/{rel}","templated":true}]}}