{"id":11655,"date":"2020-03-22T10:51:43","date_gmt":"2020-03-22T09:51:43","guid":{"rendered":"http:\/\/www.trivigante.it\/cose\/?p=11655"},"modified":"2024-02-09T20:46:37","modified_gmt":"2024-02-09T19:46:37","slug":"almanacco-dei-sette-giorni-per-debanalizzare-20-12","status":"publish","type":"post","link":"https:\/\/www.trivigante.it\/cose\/?p=11655","title":{"rendered":"almanacco dei sette giorni, per debanalizzare (20.12)"},"content":{"rendered":"\n<p>Merda, hanno cancellato l&#8217;Eurovision Song Contest. E adesso?<br>Ah, giusto, se no poi me ne dimentico: un mago, un astrologo, un veggente che abbia previsto qualcosa del genere c&#8217;\u00e8? Eheh.<br>\u00c8 morto Gianni Mura e a me spiace parecchio. Come molti, l&#8217;ho ereditato da Brera, nel senso che dal maestro sono passato, con timore prima e con soddisfazione poi, all&#8217;allievo. E leggere del tour attraverso lui era piacevolissimo, con quella grande abitudine di partire prima dal contesto, i paesini, il vino, l&#8217;atmosfera, i vecchi, era uno dei piaceri pi\u00f9 sopraffini della carta stampata per me, ma anche leggere della boxe e, addirittura, del calcio, l&#8217;unica cosa che leggessi era Mura e le sue cronache dei sette giorni di cattivi pensieri. Ma il ciclismo era davvero un&#8217;altra cosa. E quest&#8217;anno il tour non si far\u00e0, immagino, mi par giusto per Mura, anche se lui ne sarebbe dispiaciuto. Come concludeva lui i coccodrilli, mutuando da Brera e a sua volta dall&#8217;antica Roma, che gli sia lieve la terra.<\/p>\n\n\n\n<figure class=\"wp-block-image size-large\"><img loading=\"lazy\" decoding=\"async\" width=\"1024\" height=\"577\" src=\"http:\/\/www.trivigante.it\/cose\/wp-content\/uploads\/2020\/03\/200322.mura_-1024x577.jpg\" alt=\"\" class=\"wp-image-11714\" srcset=\"https:\/\/www.trivigante.it\/cose\/wp-content\/uploads\/2020\/03\/200322.mura_-1024x577.jpg 1024w, https:\/\/www.trivigante.it\/cose\/wp-content\/uploads\/2020\/03\/200322.mura_-300x169.jpg 300w, https:\/\/www.trivigante.it\/cose\/wp-content\/uploads\/2020\/03\/200322.mura_-768x433.jpg 768w, https:\/\/www.trivigante.it\/cose\/wp-content\/uploads\/2020\/03\/200322.mura_-1536x865.jpg 1536w, https:\/\/www.trivigante.it\/cose\/wp-content\/uploads\/2020\/03\/200322.mura_.jpg 1800w\" sizes=\"auto, (max-width: 1024px) 100vw, 1024px\" \/><\/figure>\n\n\n\n<p>Amazon, finalmente, <a rel=\"noreferrer noopener\" aria-label=\"ha sospeso la vendita del Mein Kampf (apre in una nuova scheda)\" href=\"https:\/\/www.theguardian.com\/technology\/2020\/mar\/16\/amazon-bans-sale-of-most-editions-of-adolf-hitlers-mein-kampf\" target=\"_blank\">ha sospeso la vendita del <em>Mein Kampf<\/em><\/a><em> <\/em>e dei volumi di propaganda nazista in generale perch\u00e9 \u00abnon pi\u00f9 compatibile con la linea di condotta dell&#8217;azienda\u00bb. Alla faccia, dopo decenni di richieste di ogni tipo.<br><a rel=\"noreferrer noopener\" aria-label=\"Kooness (apre in una nuova scheda)\" href=\"https:\/\/www.kooness.com\/\" target=\"_blank\">Kooness<\/a> \u00e8 una piattaforma di mercato che si occupa di arte. Avendo evidentemente una buona mole di dati disponibili, hanno reso pubblica una ricerca sulla parit\u00e0 di genere nel mercato dell&#8217;arte. Si comincia col dire che pi\u00f9 del 60% degli artisti \u00e8 uomo e, di conseguenza, <a rel=\"noreferrer noopener\" aria-label=\"la distribuzione dei premi (apre in una nuova scheda)\" href=\"https:\/\/www.artribune.com\/wp-content\/uploads\/2020\/03\/4-Prestigious-Art-Awards-696x619.jpg\" target=\"_blank\">la distribuzione dei premi<\/a>, per esempio, risente di questa percentuale. Ma il prezzo medio per opera no, non dovrebbe:<\/p>\n\n\n\n<figure class=\"wp-block-image size-large\"><img loading=\"lazy\" decoding=\"async\" width=\"696\" height=\"530\" src=\"http:\/\/www.trivigante.it\/cose\/wp-content\/uploads\/2020\/03\/200321.kooness_value.jpg\" alt=\"\" class=\"wp-image-11665\" srcset=\"https:\/\/www.trivigante.it\/cose\/wp-content\/uploads\/2020\/03\/200321.kooness_value.jpg 696w, https:\/\/www.trivigante.it\/cose\/wp-content\/uploads\/2020\/03\/200321.kooness_value-300x228.jpg 300w\" sizes=\"auto, (max-width: 696px) 100vw, 696px\" \/><\/figure>\n\n\n\n<p>E invece \u00e8 una bella differenza. <a rel=\"noreferrer noopener\" aria-label=\"Qui altre informazioni (apre in una nuova scheda)\" href=\"https:\/\/www.kooness.com\/art-gender-debate\" target=\"_blank\">Qui altre informazioni<\/a>.<br>L&#8217;hanno segnalata in molti e lo faccio anch&#8217;io, perch\u00e9 la radio \u00e8 sopra tutto: <a rel=\"noreferrer noopener\" aria-label=\"Radio Garden (apre in una nuova scheda)\" href=\"http:\/\/radio.garden\/\" target=\"_blank\">Radio Garden<\/a> \u00e8 un sito e un&#8217;app che permette di ascoltare in <em>streaming <\/em>tutte le radio del mondo. \u00c8 fatta bene e funziona, finalmente posso ascoltare RadioRAI3. Ahah, non scherzo, dove sto io non prende, misteri dei rimbalzi e dei coni. A ogni modo, avanti con il neomelodismo svedese.<br>In tema, due raccolte da visitare questa settimana: il <a rel=\"noreferrer noopener\" aria-label=\"pubblico registro dei murales e della street art di Chicago (apre in una nuova scheda)\" href=\"https:\/\/www.chicago.gov\/city\/en\/depts\/dca\/supp_info\/mural_registry.html\" target=\"_blank\">pubblico registro dei murales e della street art di Chicago<\/a>, bello per quello che \u00e8 e per quello che significa; il <a rel=\"noreferrer noopener\" aria-label=\"MET di New York (apre in una nuova scheda)\" href=\"https:\/\/www.metmuseum.org\/blogs\/now-at-the-met\/2020\/digital-digest\" target=\"_blank\">MET di New York<\/a> che ha messo online tutto ma tutto tutto, dalle duecentomila opere del museo fino alle audioguide, tutto con licenze open. Poi discutiamo sugli americani ma in queste cose sono abbastanza imbattibili.<br>Tra tre giorni \u00e8 <a rel=\"noreferrer noopener\" aria-label=\"Danted\u00ec (apre in una nuova scheda)\" href=\"https:\/\/www.beniculturali.it\/mibac\/export\/MiBAC\/sito-MiBAC\/Contenuti\/MibacUnif\/Comunicati\/visualizza_asset.html_1368622197.html\" target=\"_blank\">Danted\u00ec<\/a>. S\u00ec, il Danted\u00ec del 2020. Chiss\u00e0 che feste, in giro.<br>Mah.<\/p>\n","protected":false},"excerpt":{"rendered":"<p>Merda, hanno cancellato l&#8217;Eurovision Song Contest. E adesso?Ah, giusto, se no poi me ne dimentico: un mago, un astrologo, un veggente che abbia previsto qualcosa del genere c&#8217;\u00e8? Eheh.\u00c8 morto Gianni Mura e a me spiace parecchio. Come molti, l&#8217;ho ereditato da Brera, nel senso che dal maestro sono passato, con timore prima e con [&hellip;]<\/p>\n","protected":false},"author":4,"featured_media":0,"comment_status":"open","ping_status":"closed","sticky":false,"template":"","format":"standard","meta":{"footnotes":""},"categories":[8,11],"tags":[],"class_list":["post-11655","post","type-post","status-publish","format-standard","hentry","category-fatti","category-giocherelli"],"_links":{"self":[{"href":"https:\/\/www.trivigante.it\/cose\/index.php?rest_route=\/wp\/v2\/posts\/11655","targetHints":{"allow":["GET"]}}],"collection":[{"href":"https:\/\/www.trivigante.it\/cose\/index.php?rest_route=\/wp\/v2\/posts"}],"about":[{"href":"https:\/\/www.trivigante.it\/cose\/index.php?rest_route=\/wp\/v2\/types\/post"}],"author":[{"embeddable":true,"href":"https:\/\/www.trivigante.it\/cose\/index.php?rest_route=\/wp\/v2\/users\/4"}],"replies":[{"embeddable":true,"href":"https:\/\/www.trivigante.it\/cose\/index.php?rest_route=%2Fwp%2Fv2%2Fcomments&post=11655"}],"version-history":[{"count":17,"href":"https:\/\/www.trivigante.it\/cose\/index.php?rest_route=\/wp\/v2\/posts\/11655\/revisions"}],"predecessor-version":[{"id":11715,"href":"https:\/\/www.trivigante.it\/cose\/index.php?rest_route=\/wp\/v2\/posts\/11655\/revisions\/11715"}],"wp:attachment":[{"href":"https:\/\/www.trivigante.it\/cose\/index.php?rest_route=%2Fwp%2Fv2%2Fmedia&parent=11655"}],"wp:term":[{"taxonomy":"category","embeddable":true,"href":"https:\/\/www.trivigante.it\/cose\/index.php?rest_route=%2Fwp%2Fv2%2Fcategories&post=11655"},{"taxonomy":"post_tag","embeddable":true,"href":"https:\/\/www.trivigante.it\/cose\/index.php?rest_route=%2Fwp%2Fv2%2Ftags&post=11655"}],"curies":[{"name":"wp","href":"https:\/\/api.w.org\/{rel}","templated":true}]}}